{"id":67599,"date":"2020-01-24T13:11:45","date_gmt":"2020-01-24T16:11:45","guid":{"rendered":"https:\/\/eldiariodesanpedro.com.ar\/sitio\/?p=67599"},"modified":"2020-01-24T13:11:46","modified_gmt":"2020-01-24T16:11:46","slug":"fallecio-vega-quien-fue-apunalado-por-un-conocido-delincuente-menor-de-edad","status":"publish","type":"post","link":"https:\/\/eldiariodesanpedro.com.ar\/sitio\/fallecio-vega-quien-fue-apunalado-por-un-conocido-delincuente-menor-de-edad\/","title":{"rendered":"Falleci\u00f3 Vega, quien fue apu\u00f1alado por un conocido delincuente menor de edad"},"content":{"rendered":"<!-- VideographyWP Plugin Message: Automatic video embedding prevented by plugin options. -->\n\n<p>Su deceso se confirm\u00f3 este jueves por la tarde. Hugo Vega fue atacado por un menor de edad con un arma blanca y se encontraba internado en grave estado de salud.<br><\/p>\n\n\n\n<figure class=\"wp-block-image size-large\"><img decoding=\"async\" width=\"223\" height=\"193\" data-attachment-id=\"67611\" data-permalink=\"https:\/\/eldiariodesanpedro.com.ar\/sitio\/fallecio-vega-quien-fue-apunalado-por-un-conocido-delincuente-menor-de-edad\/82967545_1571237186348106_6666955515991425024_n\/\" data-orig-file=\"https:\/\/eldiariodesanpedro.com.ar\/sitio\/wp-content\/uploads\/2020\/01\/82967545_1571237186348106_6666955515991425024_n.jpg\" data-orig-size=\"223,193\" data-comments-opened=\"1\" data-image-meta=\"{&quot;aperture&quot;:&quot;0&quot;,&quot;credit&quot;:&quot;&quot;,&quot;camera&quot;:&quot;&quot;,&quot;caption&quot;:&quot;&quot;,&quot;created_timestamp&quot;:&quot;0&quot;,&quot;copyright&quot;:&quot;&quot;,&quot;focal_length&quot;:&quot;0&quot;,&quot;iso&quot;:&quot;0&quot;,&quot;shutter_speed&quot;:&quot;0&quot;,&quot;title&quot;:&quot;&quot;,&quot;orientation&quot;:&quot;0&quot;}\" data-image-title=\"82967545_1571237186348106_6666955515991425024_n\" data-image-description=\"\" data-image-caption=\"\" data-large-file=\"https:\/\/eldiariodesanpedro.com.ar\/sitio\/wp-content\/uploads\/2020\/01\/82967545_1571237186348106_6666955515991425024_n.jpg\" data-src=\"https:\/\/eldiariodesanpedro.com.ar\/sitio\/wp-content\/uploads\/2020\/01\/82967545_1571237186348106_6666955515991425024_n.jpg\" alt=\"\" class=\"wp-image-67611 lazyload\" src=\"data:image\/svg+xml;base64,PHN2ZyB3aWR0aD0iMSIgaGVpZ2h0PSIxIiB4bWxucz0iaHR0cDovL3d3dy53My5vcmcvMjAwMC9zdmciPjwvc3ZnPg==\" style=\"--smush-placeholder-width: 223px; --smush-placeholder-aspect-ratio: 223\/193;\" \/><\/figure>\n\n\n\n<p>El triste final tuvo consecuencia este jueves por la tarde cuando se conoci\u00f3 la noticia del fallecimiento de Hugo Vega.<br><\/p>\n\n\n\n<p>Su esposa se hab\u00eda referido a los medios de comunicaci\u00f3n expresando el miedo que le ten\u00edan al menor delincuente que lo apu\u00f1al\u00f3.<br><\/p>\n\n\n\n<p>El hecho sucedi\u00f3 el pasado martes 14 en la vereda del domicilio de la v\u00edctima, sita en calle Fray Cayetano Rodriguez al 1370 cuando un menor conocido por sus frondosos antecedentes, atac\u00f3 a Vega con un cuchillo.<br><\/p>\n\n\n\n<p>Luego se conoci\u00f3 que el mismo delincuente hab\u00eda atacado a otra mujer con la misma modalidad horas antes.<br><\/p>\n\n\n\n<p>El menor se encuentra detenido en un Instituto de menores. La car\u00e1tula cambiaria a homicidio lo que agravar\u00eda la situaci\u00f3n del acusado.<br><\/p>\n\n\n\n<p><\/p>\n","protected":false},"excerpt":{"rendered":"<p>Su deceso se confirm\u00f3 este jueves por la tarde. Hugo Vega fue atacado por un menor de edad con un arma blanca y se encontraba internado en grave estado de salud. El triste final tuvo consecuencia este jueves por la tarde cuando se conoci\u00f3 la noticia del fallecimiento de Hugo Vega. Su esposa se hab\u00eda [&hellip;]<\/p>\n","protected":false},"author":4,"featured_media":66979,"comment_status":"open","ping_status":"closed","sticky":false,"template":"","format":"standard","meta":{"om_disable_all_campaigns":false,"_jetpack_memberships_contains_paid_content":false,"footnotes":""},"categories":[50,2,103],"tags":[],"class_list":["post-67599","post","type-post","status-publish","format-standard","has-post-thumbnail","hentry","category-destacadas","category-locales","category-policiales-locales"],"aioseo_notices":[],"gutentor_comment":0,"jetpack_featured_media_url":"https:\/\/eldiariodesanpedro.com.ar\/sitio\/wp-content\/uploads\/2020\/01\/no_r6svplv98aahu9cno_jkv4vcytez642glcp.jpg","jetpack_shortlink":"https:\/\/wp.me\/p6RhLt-hAj","jetpack_sharing_enabled":true,"_links":{"self":[{"href":"https:\/\/eldiariodesanpedro.com.ar\/sitio\/wp-json\/wp\/v2\/posts\/67599","targetHints":{"allow":["GET"]}}],"collection":[{"href":"https:\/\/eldiariodesanpedro.com.ar\/sitio\/wp-json\/wp\/v2\/posts"}],"about":[{"href":"https:\/\/eldiariodesanpedro.com.ar\/sitio\/wp-json\/wp\/v2\/types\/post"}],"author":[{"embeddable":true,"href":"https:\/\/eldiariodesanpedro.com.ar\/sitio\/wp-json\/wp\/v2\/users\/4"}],"replies":[{"embeddable":true,"href":"https:\/\/eldiariodesanpedro.com.ar\/sitio\/wp-json\/wp\/v2\/comments?post=67599"}],"version-history":[{"count":1,"href":"https:\/\/eldiariodesanpedro.com.ar\/sitio\/wp-json\/wp\/v2\/posts\/67599\/revisions"}],"predecessor-version":[{"id":67612,"href":"https:\/\/eldiariodesanpedro.com.ar\/sitio\/wp-json\/wp\/v2\/posts\/67599\/revisions\/67612"}],"wp:featuredmedia":[{"embeddable":true,"href":"https:\/\/eldiariodesanpedro.com.ar\/sitio\/wp-json\/wp\/v2\/media\/66979"}],"wp:attachment":[{"href":"https:\/\/eldiariodesanpedro.com.ar\/sitio\/wp-json\/wp\/v2\/media?parent=67599"}],"wp:term":[{"taxonomy":"category","embeddable":true,"href":"https:\/\/eldiariodesanpedro.com.ar\/sitio\/wp-json\/wp\/v2\/categories?post=67599"},{"taxonomy":"post_tag","embeddable":true,"href":"https:\/\/eldiariodesanpedro.com.ar\/sitio\/wp-json\/wp\/v2\/tags?post=67599"}],"curies":[{"name":"wp","href":"https:\/\/api.w.org\/{rel}","templated":true}]}}