{"id":67580,"date":"2020-01-24T12:01:40","date_gmt":"2020-01-24T15:01:40","guid":{"rendered":"https:\/\/eldiariodesanpedro.com.ar\/sitio\/?p=67580"},"modified":"2020-01-24T12:01:46","modified_gmt":"2020-01-24T15:01:46","slug":"prefectura-confirmo-que-se-secuestro-un-arma-de-fuego-en-la-muerte-de-luna","status":"publish","type":"post","link":"https:\/\/eldiariodesanpedro.com.ar\/sitio\/prefectura-confirmo-que-se-secuestro-un-arma-de-fuego-en-la-muerte-de-luna\/","title":{"rendered":"Prefectura confirm\u00f3 que se secuestr\u00f3 un arma de fuego en la muerte de Luna"},"content":{"rendered":"<!-- VideographyWP Plugin Message: Automatic video embedding prevented by plugin options. -->\n\n<p> Tras averiguaciones del reciente caso personal de prefectura naval confirm\u00f3 que se secuestr\u00f3 un arma de fuego calibre 38 de la escena. <\/p>\n\n\n\n<p>Lo confirmado hasta el momento por fuentes policiales es que el fallecido, \u00c1ngel Luna de 26 a\u00f1os de edad, se esconde entre los arbustos del patio de un vecino y al visualizar al efectivo sale y lo amenaza con un arma lo que la autoridad responde con un disparo.<br><\/p>\n\n\n\n<p>Familiares afirman que Luna se encontraba alcoholizado, violento y amedrentando contra la familia, tirando piedras tambi\u00e9n en los techos lo que piden ayuda a la polic\u00eda. Para la familia Luna no se encontraba armado.<br><\/p>\n\n\n\n<p>Personal de Prefectura y el Fiscal Marcelo Manso interviniente en la causa confirmaron el secuestro de un arma de guerra calibre 38 en la escena.<br><\/p>\n\n\n\n<p>Las pericias confirman que la v\u00edctima no dispar\u00f3 y que el joven\u00a0 sufri\u00f3 un disparo de posta de goma a corta distancia.\u00a0<br><\/p>\n","protected":false},"excerpt":{"rendered":"<p>Tras averiguaciones del reciente caso personal de prefectura naval confirm\u00f3 que se secuestr\u00f3 un arma de fuego calibre 38 de la escena. Lo confirmado hasta el momento por fuentes policiales es que el fallecido, \u00c1ngel Luna de 26 a\u00f1os de edad, se esconde entre los arbustos del patio de un vecino y al visualizar al [&hellip;]<\/p>\n","protected":false},"author":4,"featured_media":67549,"comment_status":"open","ping_status":"closed","sticky":false,"template":"","format":"standard","meta":{"om_disable_all_campaigns":false,"_jetpack_memberships_contains_paid_content":false,"footnotes":""},"categories":[2,103],"tags":[],"class_list":["post-67580","post","type-post","status-publish","format-standard","has-post-thumbnail","hentry","category-locales","category-policiales-locales"],"aioseo_notices":[],"gutentor_comment":0,"jetpack_featured_media_url":"https:\/\/eldiariodesanpedro.com.ar\/sitio\/wp-content\/uploads\/2020\/01\/9_IMG-20200124-WA0050_watermark_vie._24012020_101548.jpg","jetpack_shortlink":"https:\/\/wp.me\/p6RhLt-hA0","jetpack_sharing_enabled":true,"_links":{"self":[{"href":"https:\/\/eldiariodesanpedro.com.ar\/sitio\/wp-json\/wp\/v2\/posts\/67580","targetHints":{"allow":["GET"]}}],"collection":[{"href":"https:\/\/eldiariodesanpedro.com.ar\/sitio\/wp-json\/wp\/v2\/posts"}],"about":[{"href":"https:\/\/eldiariodesanpedro.com.ar\/sitio\/wp-json\/wp\/v2\/types\/post"}],"author":[{"embeddable":true,"href":"https:\/\/eldiariodesanpedro.com.ar\/sitio\/wp-json\/wp\/v2\/users\/4"}],"replies":[{"embeddable":true,"href":"https:\/\/eldiariodesanpedro.com.ar\/sitio\/wp-json\/wp\/v2\/comments?post=67580"}],"version-history":[{"count":3,"href":"https:\/\/eldiariodesanpedro.com.ar\/sitio\/wp-json\/wp\/v2\/posts\/67580\/revisions"}],"predecessor-version":[{"id":67587,"href":"https:\/\/eldiariodesanpedro.com.ar\/sitio\/wp-json\/wp\/v2\/posts\/67580\/revisions\/67587"}],"wp:featuredmedia":[{"embeddable":true,"href":"https:\/\/eldiariodesanpedro.com.ar\/sitio\/wp-json\/wp\/v2\/media\/67549"}],"wp:attachment":[{"href":"https:\/\/eldiariodesanpedro.com.ar\/sitio\/wp-json\/wp\/v2\/media?parent=67580"}],"wp:term":[{"taxonomy":"category","embeddable":true,"href":"https:\/\/eldiariodesanpedro.com.ar\/sitio\/wp-json\/wp\/v2\/categories?post=67580"},{"taxonomy":"post_tag","embeddable":true,"href":"https:\/\/eldiariodesanpedro.com.ar\/sitio\/wp-json\/wp\/v2\/tags?post=67580"}],"curies":[{"name":"wp","href":"https:\/\/api.w.org\/{rel}","templated":true}]}}