{"id":67577,"date":"2020-01-24T10:58:20","date_gmt":"2020-01-24T13:58:20","guid":{"rendered":"https:\/\/eldiariodesanpedro.com.ar\/sitio\/?p=67577"},"modified":"2020-01-24T10:58:25","modified_gmt":"2020-01-24T13:58:25","slug":"san-antonio-de-areco-choque-frontal-entre-una-camioneta-y-un-camion-en-la-ruta-41","status":"publish","type":"post","link":"https:\/\/eldiariodesanpedro.com.ar\/sitio\/san-antonio-de-areco-choque-frontal-entre-una-camioneta-y-un-camion-en-la-ruta-41\/","title":{"rendered":"SAN ANTONIO DE ARECO | Choque frontal entre una camioneta y un cami\u00f3n en la Ruta 41"},"content":{"rendered":"<!-- VideographyWP Plugin Message: Automatic video embedding prevented by plugin options. -->\n\n<p>\n\nCerca de las cuatro de la tarde de este jueves se produjo un choque sobre la Ruta Provincial N\u00b041 muy cerca del puente, entre una camioneta Toyota doble cabina y un cami\u00f3n que transportaba cereales. De acuerdo al relato del comisario Jos\u00e9 Cisterna de Polic\u00eda Vial, la colisi\u00f3n se produjo \u201ccuando la camioneta de la empresa Vernazza, que circulaba con sentido Areco\/San Andr\u00e9s de Giles fue embestida por un cami\u00f3n Mercedes Benz cargado con trigo, el cual en la maniobra despu\u00e9s de la colisi\u00f3n se fue al pr\u00e9stamo y volc\u00f3 en su totalidad\u201d.<\/p>\n\n\n\n<p>El comisario inform\u00f3 que resultaron heridas 3 personas \u2013 dos en la camioneta y el chofer del cami\u00f3n \u2013&nbsp; \u201cque fueron trasladadas r\u00e1pidamente por Bomberos al nosocomio local, todas deambulaban, por lo que no tendr\u00edan heridas de consideraci\u00f3n\u201d.<\/p>\n\n\n\n<p>Asisti\u00f3 al lugar Bomberos Voluntarios con dos dotaciones y lo primero que se observ\u00f3 fue la camioneta con un golpe frontal y otro lateral, que de acuerdo con el relato del comisario, es del tipo \u201ccoche gu\u00eda, que trasladaba a dos de estos camiones que llevan estructuras met\u00e1licas de medidas\u00a0 de consideraci\u00f3n. Estos veh\u00edculos circulan con permisos de vialidad, a una velocidad que no pueden superar los 30 o 40 km , son medidas excepcionales. Aparentemente el cami\u00f3n que ven\u00eda de frente ha frenado de golpe, porque se encontr\u00f3 con estos veh\u00edculos, realiz\u00f3 una maniobra de querer esquivar, impact\u00f3 contra la camioneta y el resultado final es que volc\u00f3\u201d.<\/p>\n\n\n\n<p>Fuente: Bosco Producciones<\/p>\n","protected":false},"excerpt":{"rendered":"<p>Cerca de las cuatro de la tarde de este jueves se produjo un choque sobre la Ruta Provincial N\u00b041 muy cerca del puente, entre una camioneta Toyota doble cabina y un cami\u00f3n que transportaba cereales. De acuerdo al relato del comisario Jos\u00e9 Cisterna de Polic\u00eda Vial, la colisi\u00f3n se produjo \u201ccuando la camioneta de la [&hellip;]<\/p>\n","protected":false},"author":4,"featured_media":67578,"comment_status":"open","ping_status":"closed","sticky":false,"template":"","format":"standard","meta":{"om_disable_all_campaigns":false,"_jetpack_memberships_contains_paid_content":false,"footnotes":""},"categories":[621],"tags":[],"class_list":["post-67577","post","type-post","status-publish","format-standard","has-post-thumbnail","hentry","category-regionales"],"aioseo_notices":[],"gutentor_comment":0,"jetpack_featured_media_url":"https:\/\/eldiariodesanpedro.com.ar\/sitio\/wp-content\/uploads\/2020\/01\/whatsapp-image-2020-01-23-at-17.10.09.jpeg","jetpack_shortlink":"https:\/\/wp.me\/p6RhLt-hzX","jetpack_sharing_enabled":true,"_links":{"self":[{"href":"https:\/\/eldiariodesanpedro.com.ar\/sitio\/wp-json\/wp\/v2\/posts\/67577","targetHints":{"allow":["GET"]}}],"collection":[{"href":"https:\/\/eldiariodesanpedro.com.ar\/sitio\/wp-json\/wp\/v2\/posts"}],"about":[{"href":"https:\/\/eldiariodesanpedro.com.ar\/sitio\/wp-json\/wp\/v2\/types\/post"}],"author":[{"embeddable":true,"href":"https:\/\/eldiariodesanpedro.com.ar\/sitio\/wp-json\/wp\/v2\/users\/4"}],"replies":[{"embeddable":true,"href":"https:\/\/eldiariodesanpedro.com.ar\/sitio\/wp-json\/wp\/v2\/comments?post=67577"}],"version-history":[{"count":1,"href":"https:\/\/eldiariodesanpedro.com.ar\/sitio\/wp-json\/wp\/v2\/posts\/67577\/revisions"}],"predecessor-version":[{"id":67579,"href":"https:\/\/eldiariodesanpedro.com.ar\/sitio\/wp-json\/wp\/v2\/posts\/67577\/revisions\/67579"}],"wp:featuredmedia":[{"embeddable":true,"href":"https:\/\/eldiariodesanpedro.com.ar\/sitio\/wp-json\/wp\/v2\/media\/67578"}],"wp:attachment":[{"href":"https:\/\/eldiariodesanpedro.com.ar\/sitio\/wp-json\/wp\/v2\/media?parent=67577"}],"wp:term":[{"taxonomy":"category","embeddable":true,"href":"https:\/\/eldiariodesanpedro.com.ar\/sitio\/wp-json\/wp\/v2\/categories?post=67577"},{"taxonomy":"post_tag","embeddable":true,"href":"https:\/\/eldiariodesanpedro.com.ar\/sitio\/wp-json\/wp\/v2\/tags?post=67577"}],"curies":[{"name":"wp","href":"https:\/\/api.w.org\/{rel}","templated":true}]}}