{"id":67574,"date":"2020-01-24T10:56:43","date_gmt":"2020-01-24T13:56:43","guid":{"rendered":"https:\/\/eldiariodesanpedro.com.ar\/sitio\/?p=67574"},"modified":"2020-01-24T10:56:45","modified_gmt":"2020-01-24T13:56:45","slug":"baradero-el-intendente-esteban-sanzio-se-reunio-con-daniel-gollan-ministro-de-salud-de-la-provincia-para-coordinar-acciones-conjuntas","status":"publish","type":"post","link":"https:\/\/eldiariodesanpedro.com.ar\/sitio\/baradero-el-intendente-esteban-sanzio-se-reunio-con-daniel-gollan-ministro-de-salud-de-la-provincia-para-coordinar-acciones-conjuntas\/","title":{"rendered":"BARADERO | El intendente Esteban Sanzio se reuni\u00f3 con Daniel Gollan, ministro de salud de la provincia, para coordinar acciones conjuntas"},"content":{"rendered":"<!-- VideographyWP Plugin Message: Automatic video embedding prevented by plugin options. -->\n\n<p>\n\nCuidamos la salud de los baraderenses a partir de la prevenci\u00f3n, promoci\u00f3n y el ordenamiento de la demanda, mediante nuestros programas y efectores sanitarios.<\/p>\n\n\n\n<p>El objetivo de la reuni\u00f3n fue poner en conocimiento al ministro de la situaci\u00f3n sanitaria de Baradero, sus necesidades y problem\u00e1ticas. \u201cFue un encuentro muy positivo sobre todo por la mirada que existe con respecto a trabajar de manera regional con el apoyo de la provincia, lo que es sumamente importante para un municipio como el nuestro\u201d, expres\u00f3 Sanzio.<\/p>\n\n\n\n<p>A su vez, el jefe comunal destac\u00f3 la importancia de tener un ministerio de puertas abiertas \u201cque no solo recibe a los intendentes sino que tambi\u00e9n tiene programado trabajar codo a codo en el territorio\u201d.<\/p>\n\n\n\n<p>Optimizar la administraci\u00f3n del hospital municipal fue uno de los lineamientos abordados para mejorar la calidad y el acceso a la salud de la poblaci\u00f3n.<\/p>\n\n\n\n<p>Baradero cuenta con una poblaci\u00f3n de 44 mil habitantes. Cuenta con un hospital municipal, \u201cDr Lino Pi\u00f1eiro\u201d, y un Centro de Atenci\u00f3n Primaria en cada una de las localidades: Villa Alsina, Ireneo Portela y Santa Coloma. En el partido funciona el servicio de SAME, con un total de tres ambulancias<\/p>\n\n\n\n<p>Participaron de la reuni\u00f3n el secretario de Salud de Baradero, Carlos Baliela; el secretario de Modernizaci\u00f3n, Rodrigo Garc\u00eda Otero y Daniel Ravettino, de la C\u00e1mara de Diputados de la Provincia de Buenos Aires. Por parte del ministerio, tambi\u00e9n asistieron el director Provincial de hospitales, Juan Riera, y el director de Regiones y Redes Sanitarias, Diego Torino.<\/p>\n\n\n\n<p>Fuente: Baradero te Informa<\/p>\n","protected":false},"excerpt":{"rendered":"<p>Cuidamos la salud de los baraderenses a partir de la prevenci\u00f3n, promoci\u00f3n y el ordenamiento de la demanda, mediante nuestros programas y efectores sanitarios. El objetivo de la reuni\u00f3n fue poner en conocimiento al ministro de la situaci\u00f3n sanitaria de Baradero, sus necesidades y problem\u00e1ticas. \u201cFue un encuentro muy positivo sobre todo por la mirada [&hellip;]<\/p>\n","protected":false},"author":4,"featured_media":67575,"comment_status":"open","ping_status":"closed","sticky":false,"template":"","format":"standard","meta":{"om_disable_all_campaigns":false,"_jetpack_memberships_contains_paid_content":false,"footnotes":""},"categories":[621],"tags":[],"class_list":["post-67574","post","type-post","status-publish","format-standard","has-post-thumbnail","hentry","category-regionales"],"aioseo_notices":[],"gutentor_comment":0,"jetpack_featured_media_url":"https:\/\/eldiariodesanpedro.com.ar\/sitio\/wp-content\/uploads\/2020\/01\/captura_de_pantalla_de_2020-01-23_08-42-07.jpg","jetpack_shortlink":"https:\/\/wp.me\/p6RhLt-hzU","jetpack_sharing_enabled":true,"_links":{"self":[{"href":"https:\/\/eldiariodesanpedro.com.ar\/sitio\/wp-json\/wp\/v2\/posts\/67574","targetHints":{"allow":["GET"]}}],"collection":[{"href":"https:\/\/eldiariodesanpedro.com.ar\/sitio\/wp-json\/wp\/v2\/posts"}],"about":[{"href":"https:\/\/eldiariodesanpedro.com.ar\/sitio\/wp-json\/wp\/v2\/types\/post"}],"author":[{"embeddable":true,"href":"https:\/\/eldiariodesanpedro.com.ar\/sitio\/wp-json\/wp\/v2\/users\/4"}],"replies":[{"embeddable":true,"href":"https:\/\/eldiariodesanpedro.com.ar\/sitio\/wp-json\/wp\/v2\/comments?post=67574"}],"version-history":[{"count":1,"href":"https:\/\/eldiariodesanpedro.com.ar\/sitio\/wp-json\/wp\/v2\/posts\/67574\/revisions"}],"predecessor-version":[{"id":67576,"href":"https:\/\/eldiariodesanpedro.com.ar\/sitio\/wp-json\/wp\/v2\/posts\/67574\/revisions\/67576"}],"wp:featuredmedia":[{"embeddable":true,"href":"https:\/\/eldiariodesanpedro.com.ar\/sitio\/wp-json\/wp\/v2\/media\/67575"}],"wp:attachment":[{"href":"https:\/\/eldiariodesanpedro.com.ar\/sitio\/wp-json\/wp\/v2\/media?parent=67574"}],"wp:term":[{"taxonomy":"category","embeddable":true,"href":"https:\/\/eldiariodesanpedro.com.ar\/sitio\/wp-json\/wp\/v2\/categories?post=67574"},{"taxonomy":"post_tag","embeddable":true,"href":"https:\/\/eldiariodesanpedro.com.ar\/sitio\/wp-json\/wp\/v2\/tags?post=67574"}],"curies":[{"name":"wp","href":"https:\/\/api.w.org\/{rel}","templated":true}]}}