{"id":67570,"date":"2020-01-24T10:54:38","date_gmt":"2020-01-24T13:54:38","guid":{"rendered":"https:\/\/eldiariodesanpedro.com.ar\/sitio\/?p=67570"},"modified":"2020-01-24T10:54:43","modified_gmt":"2020-01-24T13:54:43","slug":"baradero-febrero-inicia-con-el-18-festival-nacional-de-danzas","status":"publish","type":"post","link":"https:\/\/eldiariodesanpedro.com.ar\/sitio\/baradero-febrero-inicia-con-el-18-festival-nacional-de-danzas\/","title":{"rendered":"BARADERO | Febrero inicia con el 18\u00b0 Festival Nacional de Danzas"},"content":{"rendered":"<!-- VideographyWP Plugin Message: Automatic video embedding prevented by plugin options. -->\n\n<p>El&nbsp;1\u00b0 de febrero a partir de las 19:30 horas en el Anfiteatro Municipal&nbsp;(Av. San Mart\u00edn 550) se desarrollar\u00e1 el 18\u00b0 Festival Nacional de Danzas, organizado por el Municipio de Baradero a trav\u00e9s de la Secretar\u00eda de Cultura, Turismo, Educaci\u00f3n y Deportes; y el Ballet Municipal \u201cSixto Palavecino\u201d y el cuerpo de bombos \u201cRenacer de mi pueblo\u201d.<\/p>\n\n\n\n<p>El evento tendr\u00e1 un bono contribuci\u00f3n de $150 anticipadas, y en la puerta el bono valdr\u00e1 $200. Habr\u00e1 servicio de cantina a cargo del Grupo Amigo del Discapacitado.<\/p>\n\n\n\n<p>Es el primer evento que se desarrolla en el marco del mes festivalero que se aproxima en la ciudad, en donde bailarines se juntan en el prestigioso escenario para brindar un magn\u00edfico espect\u00e1culo.<\/p>\n\n\n\n<p>Fuente: Tu Linea Directa<\/p>\n","protected":false},"excerpt":{"rendered":"<p>El&nbsp;1\u00b0 de febrero a partir de las 19:30 horas en el Anfiteatro Municipal&nbsp;(Av. San Mart\u00edn 550) se desarrollar\u00e1 el 18\u00b0 Festival Nacional de Danzas, organizado por el Municipio de Baradero a trav\u00e9s de la Secretar\u00eda de Cultura, Turismo, Educaci\u00f3n y Deportes; y el Ballet Municipal \u201cSixto Palavecino\u201d y el cuerpo de bombos \u201cRenacer de mi [&hellip;]<\/p>\n","protected":false},"author":4,"featured_media":67572,"comment_status":"open","ping_status":"closed","sticky":false,"template":"","format":"standard","meta":{"om_disable_all_campaigns":false,"_jetpack_memberships_contains_paid_content":false,"footnotes":""},"categories":[621],"tags":[],"class_list":["post-67570","post","type-post","status-publish","format-standard","has-post-thumbnail","hentry","category-regionales"],"aioseo_notices":[],"gutentor_comment":0,"jetpack_featured_media_url":"https:\/\/eldiariodesanpedro.com.ar\/sitio\/wp-content\/uploads\/2020\/01\/maxresdefault-640x480-1.jpg","jetpack_shortlink":"https:\/\/wp.me\/p6RhLt-hzQ","jetpack_sharing_enabled":true,"_links":{"self":[{"href":"https:\/\/eldiariodesanpedro.com.ar\/sitio\/wp-json\/wp\/v2\/posts\/67570","targetHints":{"allow":["GET"]}}],"collection":[{"href":"https:\/\/eldiariodesanpedro.com.ar\/sitio\/wp-json\/wp\/v2\/posts"}],"about":[{"href":"https:\/\/eldiariodesanpedro.com.ar\/sitio\/wp-json\/wp\/v2\/types\/post"}],"author":[{"embeddable":true,"href":"https:\/\/eldiariodesanpedro.com.ar\/sitio\/wp-json\/wp\/v2\/users\/4"}],"replies":[{"embeddable":true,"href":"https:\/\/eldiariodesanpedro.com.ar\/sitio\/wp-json\/wp\/v2\/comments?post=67570"}],"version-history":[{"count":1,"href":"https:\/\/eldiariodesanpedro.com.ar\/sitio\/wp-json\/wp\/v2\/posts\/67570\/revisions"}],"predecessor-version":[{"id":67573,"href":"https:\/\/eldiariodesanpedro.com.ar\/sitio\/wp-json\/wp\/v2\/posts\/67570\/revisions\/67573"}],"wp:featuredmedia":[{"embeddable":true,"href":"https:\/\/eldiariodesanpedro.com.ar\/sitio\/wp-json\/wp\/v2\/media\/67572"}],"wp:attachment":[{"href":"https:\/\/eldiariodesanpedro.com.ar\/sitio\/wp-json\/wp\/v2\/media?parent=67570"}],"wp:term":[{"taxonomy":"category","embeddable":true,"href":"https:\/\/eldiariodesanpedro.com.ar\/sitio\/wp-json\/wp\/v2\/categories?post=67570"},{"taxonomy":"post_tag","embeddable":true,"href":"https:\/\/eldiariodesanpedro.com.ar\/sitio\/wp-json\/wp\/v2\/tags?post=67570"}],"curies":[{"name":"wp","href":"https:\/\/api.w.org\/{rel}","templated":true}]}}