{"id":67567,"date":"2020-01-24T10:53:21","date_gmt":"2020-01-24T13:53:21","guid":{"rendered":"https:\/\/eldiariodesanpedro.com.ar\/sitio\/?p=67567"},"modified":"2020-01-24T10:53:28","modified_gmt":"2020-01-24T13:53:28","slug":"baradero-detuvieron-al-hombre-que-intento-incendiar-a-su-pareja-y-su-hijo","status":"publish","type":"post","link":"https:\/\/eldiariodesanpedro.com.ar\/sitio\/baradero-detuvieron-al-hombre-que-intento-incendiar-a-su-pareja-y-su-hijo\/","title":{"rendered":"BARADERO | Detuvieron al hombre que intent\u00f3 incendiar a su pareja y su hijo"},"content":{"rendered":"<!-- VideographyWP Plugin Message: Automatic video embedding prevented by plugin options. -->\n\n<p>El joven, de 24 a\u00f1os de edad el d\u00eda lunes por la noche roci\u00f3 con nafta a su pareja de 19 a\u00f1os y su hijo de 4 meses. Afortunadamente, el hermano de la v\u00edctima y vecinos del lugar intervinieron en lo que pudo ser un hecho fatal.<\/p>\n\n\n\n<p>Luego del pedido de captura, esta ma\u00f1ana se hizo presente ante la justicia.<\/p>\n\n\n\n<p>Temprano por la ma\u00f1ana compareci\u00f3 ante el fiscal de la causa, el Dr. Vicente G\u00f3mez quien tiene a cargo la Ufi N\u00b09<\/p>\n\n\n\n<p>Recordemos que Juan Robitto es el detenido.<\/p>\n\n\n\n<p>Fuente: Tu Linea Directa<\/p>\n","protected":false},"excerpt":{"rendered":"<p>El joven, de 24 a\u00f1os de edad el d\u00eda lunes por la noche roci\u00f3 con nafta a su pareja de 19 a\u00f1os y su hijo de 4 meses. Afortunadamente, el hermano de la v\u00edctima y vecinos del lugar intervinieron en lo que pudo ser un hecho fatal. Luego del pedido de captura, esta ma\u00f1ana se [&hellip;]<\/p>\n","protected":false},"author":4,"featured_media":67568,"comment_status":"open","ping_status":"closed","sticky":false,"template":"","format":"standard","meta":{"om_disable_all_campaigns":false,"_jetpack_memberships_contains_paid_content":false,"footnotes":""},"categories":[621],"tags":[],"class_list":["post-67567","post","type-post","status-publish","format-standard","has-post-thumbnail","hentry","category-regionales"],"aioseo_notices":[],"gutentor_comment":0,"jetpack_featured_media_url":"https:\/\/eldiariodesanpedro.com.ar\/sitio\/wp-content\/uploads\/2020\/01\/82787166_2232761180366980_4811261316037607424_n.jpg","jetpack_shortlink":"https:\/\/wp.me\/p6RhLt-hzN","jetpack_sharing_enabled":true,"_links":{"self":[{"href":"https:\/\/eldiariodesanpedro.com.ar\/sitio\/wp-json\/wp\/v2\/posts\/67567","targetHints":{"allow":["GET"]}}],"collection":[{"href":"https:\/\/eldiariodesanpedro.com.ar\/sitio\/wp-json\/wp\/v2\/posts"}],"about":[{"href":"https:\/\/eldiariodesanpedro.com.ar\/sitio\/wp-json\/wp\/v2\/types\/post"}],"author":[{"embeddable":true,"href":"https:\/\/eldiariodesanpedro.com.ar\/sitio\/wp-json\/wp\/v2\/users\/4"}],"replies":[{"embeddable":true,"href":"https:\/\/eldiariodesanpedro.com.ar\/sitio\/wp-json\/wp\/v2\/comments?post=67567"}],"version-history":[{"count":1,"href":"https:\/\/eldiariodesanpedro.com.ar\/sitio\/wp-json\/wp\/v2\/posts\/67567\/revisions"}],"predecessor-version":[{"id":67569,"href":"https:\/\/eldiariodesanpedro.com.ar\/sitio\/wp-json\/wp\/v2\/posts\/67567\/revisions\/67569"}],"wp:featuredmedia":[{"embeddable":true,"href":"https:\/\/eldiariodesanpedro.com.ar\/sitio\/wp-json\/wp\/v2\/media\/67568"}],"wp:attachment":[{"href":"https:\/\/eldiariodesanpedro.com.ar\/sitio\/wp-json\/wp\/v2\/media?parent=67567"}],"wp:term":[{"taxonomy":"category","embeddable":true,"href":"https:\/\/eldiariodesanpedro.com.ar\/sitio\/wp-json\/wp\/v2\/categories?post=67567"},{"taxonomy":"post_tag","embeddable":true,"href":"https:\/\/eldiariodesanpedro.com.ar\/sitio\/wp-json\/wp\/v2\/tags?post=67567"}],"curies":[{"name":"wp","href":"https:\/\/api.w.org\/{rel}","templated":true}]}}