{"id":67564,"date":"2020-01-24T10:52:06","date_gmt":"2020-01-24T13:52:06","guid":{"rendered":"https:\/\/eldiariodesanpedro.com.ar\/sitio\/?p=67564"},"modified":"2020-01-24T10:52:11","modified_gmt":"2020-01-24T13:52:11","slug":"baradero-con-un-bloqueo-al-basural-de-ruta-9-cartoneros-le-reclaman-al-municipio","status":"publish","type":"post","link":"https:\/\/eldiariodesanpedro.com.ar\/sitio\/baradero-con-un-bloqueo-al-basural-de-ruta-9-cartoneros-le-reclaman-al-municipio\/","title":{"rendered":"BARADERO | Con un bloqueo al basural de Ruta 9 cartoneros le reclaman al municipio"},"content":{"rendered":"<!-- VideographyWP Plugin Message: Automatic video embedding prevented by plugin options. -->\n\n<p>Lo resolvieron est\u00e1 ma\u00f1ana en una asamblea que se realiz\u00f3 en las instalaciones del basural a cielo abierto. Reclaman mejores condiciones para que los recicladores trabajen. Bloquean el acceso al predio ubicado en el km 144.&nbsp;<\/p>\n\n\n\n<p>Gerardo Varela, Referente del MTE, brind\u00f3 los detalles a Tu Radio.&nbsp;<\/p>\n\n\n\n<p>Asegur\u00f3 que \u201clos trabajadores no son reconocidos\u201d y le reclamo \u201cal estado municipal que otorgue los elementos necesarios para el trabajo\u201d.<\/p>\n\n\n\n<p>Adem\u00e1s piden un lugar de acopio permanente y aseguran que \u201cdesde el a\u00f1o pasado est\u00e1 presentado el proyecto\u201d.<\/p>\n\n\n\n<p>A la espera de una respuesta, seguir\u00e1n aguardando en el lugar.<\/p>\n\n\n\n<p>Fuente: Tu Linea Directa<\/p>\n","protected":false},"excerpt":{"rendered":"<p>Lo resolvieron est\u00e1 ma\u00f1ana en una asamblea que se realiz\u00f3 en las instalaciones del basural a cielo abierto. Reclaman mejores condiciones para que los recicladores trabajen. Bloquean el acceso al predio ubicado en el km 144.&nbsp; Gerardo Varela, Referente del MTE, brind\u00f3 los detalles a Tu Radio.&nbsp; Asegur\u00f3 que \u201clos trabajadores no son reconocidos\u201d y [&hellip;]<\/p>\n","protected":false},"author":4,"featured_media":67565,"comment_status":"open","ping_status":"closed","sticky":false,"template":"","format":"standard","meta":{"om_disable_all_campaigns":false,"_jetpack_memberships_contains_paid_content":false,"footnotes":""},"categories":[2],"tags":[],"class_list":["post-67564","post","type-post","status-publish","format-standard","has-post-thumbnail","hentry","category-locales"],"aioseo_notices":[],"gutentor_comment":0,"jetpack_featured_media_url":"https:\/\/eldiariodesanpedro.com.ar\/sitio\/wp-content\/uploads\/2020\/01\/84309351_2233341073642324_2592564954196344832_o.jpg","jetpack_shortlink":"https:\/\/wp.me\/p6RhLt-hzK","jetpack_sharing_enabled":true,"_links":{"self":[{"href":"https:\/\/eldiariodesanpedro.com.ar\/sitio\/wp-json\/wp\/v2\/posts\/67564","targetHints":{"allow":["GET"]}}],"collection":[{"href":"https:\/\/eldiariodesanpedro.com.ar\/sitio\/wp-json\/wp\/v2\/posts"}],"about":[{"href":"https:\/\/eldiariodesanpedro.com.ar\/sitio\/wp-json\/wp\/v2\/types\/post"}],"author":[{"embeddable":true,"href":"https:\/\/eldiariodesanpedro.com.ar\/sitio\/wp-json\/wp\/v2\/users\/4"}],"replies":[{"embeddable":true,"href":"https:\/\/eldiariodesanpedro.com.ar\/sitio\/wp-json\/wp\/v2\/comments?post=67564"}],"version-history":[{"count":1,"href":"https:\/\/eldiariodesanpedro.com.ar\/sitio\/wp-json\/wp\/v2\/posts\/67564\/revisions"}],"predecessor-version":[{"id":67566,"href":"https:\/\/eldiariodesanpedro.com.ar\/sitio\/wp-json\/wp\/v2\/posts\/67564\/revisions\/67566"}],"wp:featuredmedia":[{"embeddable":true,"href":"https:\/\/eldiariodesanpedro.com.ar\/sitio\/wp-json\/wp\/v2\/media\/67565"}],"wp:attachment":[{"href":"https:\/\/eldiariodesanpedro.com.ar\/sitio\/wp-json\/wp\/v2\/media?parent=67564"}],"wp:term":[{"taxonomy":"category","embeddable":true,"href":"https:\/\/eldiariodesanpedro.com.ar\/sitio\/wp-json\/wp\/v2\/categories?post=67564"},{"taxonomy":"post_tag","embeddable":true,"href":"https:\/\/eldiariodesanpedro.com.ar\/sitio\/wp-json\/wp\/v2\/tags?post=67564"}],"curies":[{"name":"wp","href":"https:\/\/api.w.org\/{rel}","templated":true}]}}