{"id":67560,"date":"2020-01-24T10:50:21","date_gmt":"2020-01-24T13:50:21","guid":{"rendered":"https:\/\/eldiariodesanpedro.com.ar\/sitio\/?p=67560"},"modified":"2020-01-24T10:50:23","modified_gmt":"2020-01-24T13:50:23","slug":"arrecifes-importante-robo-en-barrio-las-flores","status":"publish","type":"post","link":"https:\/\/eldiariodesanpedro.com.ar\/sitio\/arrecifes-importante-robo-en-barrio-las-flores\/","title":{"rendered":"ARRECIFES | Importante robo en barrio Las Flores"},"content":{"rendered":"<!-- VideographyWP Plugin Message: Automatic video embedding prevented by plugin options. -->\n\n<p>En la madrugada de este jueves se comprob\u00f3 que delincuentes hab\u00edan ingresado a una vivienda de barrio Las Flores y literalmente la desvalijaron.<\/p>\n\n\n\n<p>Fue el momento en que la familia Rodr\u00edguez regreso despu\u00e9s de m\u00e1s de una semana de ausencia a su domicilio de calle General Hornos al 800 y se encontr\u00f3 con que le hab\u00edan saqueado la casa. Hasta una moto que ten\u00edan all\u00ed se robaron.<\/p>\n\n\n\n<p>El hecho fue confirmado esta ma\u00f1ana en Radio Uno (107.1) por el jefe de la Estaci\u00f3n de Polic\u00eda Comunal de Arrecifes, subcomisario Jorge S\u00e1nchez. La autoridad policial afirm\u00f3 que \u201cya encontramos la moto y estamos esperando \u00f3rdenes de allanamiento que pedimos en la zona cercana a la vivienda que asaltaron. Tenemos datos firmes sobre el il\u00edcito\u201d.<\/p>\n\n\n\n<p>Fuente: Arrecifes Noticias<\/p>\n","protected":false},"excerpt":{"rendered":"<p>En la madrugada de este jueves se comprob\u00f3 que delincuentes hab\u00edan ingresado a una vivienda de barrio Las Flores y literalmente la desvalijaron. Fue el momento en que la familia Rodr\u00edguez regreso despu\u00e9s de m\u00e1s de una semana de ausencia a su domicilio de calle General Hornos al 800 y se encontr\u00f3 con que le [&hellip;]<\/p>\n","protected":false},"author":4,"featured_media":67561,"comment_status":"open","ping_status":"closed","sticky":false,"template":"","format":"standard","meta":{"om_disable_all_campaigns":false,"_jetpack_memberships_contains_paid_content":false,"footnotes":""},"categories":[621],"tags":[],"class_list":["post-67560","post","type-post","status-publish","format-standard","has-post-thumbnail","hentry","category-regionales"],"aioseo_notices":[],"gutentor_comment":0,"jetpack_featured_media_url":"https:\/\/eldiariodesanpedro.com.ar\/sitio\/wp-content\/uploads\/2020\/01\/Robo-Rodriguez-840x510-1.jpg","jetpack_shortlink":"https:\/\/wp.me\/p6RhLt-hzG","jetpack_sharing_enabled":true,"_links":{"self":[{"href":"https:\/\/eldiariodesanpedro.com.ar\/sitio\/wp-json\/wp\/v2\/posts\/67560","targetHints":{"allow":["GET"]}}],"collection":[{"href":"https:\/\/eldiariodesanpedro.com.ar\/sitio\/wp-json\/wp\/v2\/posts"}],"about":[{"href":"https:\/\/eldiariodesanpedro.com.ar\/sitio\/wp-json\/wp\/v2\/types\/post"}],"author":[{"embeddable":true,"href":"https:\/\/eldiariodesanpedro.com.ar\/sitio\/wp-json\/wp\/v2\/users\/4"}],"replies":[{"embeddable":true,"href":"https:\/\/eldiariodesanpedro.com.ar\/sitio\/wp-json\/wp\/v2\/comments?post=67560"}],"version-history":[{"count":1,"href":"https:\/\/eldiariodesanpedro.com.ar\/sitio\/wp-json\/wp\/v2\/posts\/67560\/revisions"}],"predecessor-version":[{"id":67563,"href":"https:\/\/eldiariodesanpedro.com.ar\/sitio\/wp-json\/wp\/v2\/posts\/67560\/revisions\/67563"}],"wp:featuredmedia":[{"embeddable":true,"href":"https:\/\/eldiariodesanpedro.com.ar\/sitio\/wp-json\/wp\/v2\/media\/67561"}],"wp:attachment":[{"href":"https:\/\/eldiariodesanpedro.com.ar\/sitio\/wp-json\/wp\/v2\/media?parent=67560"}],"wp:term":[{"taxonomy":"category","embeddable":true,"href":"https:\/\/eldiariodesanpedro.com.ar\/sitio\/wp-json\/wp\/v2\/categories?post=67560"},{"taxonomy":"post_tag","embeddable":true,"href":"https:\/\/eldiariodesanpedro.com.ar\/sitio\/wp-json\/wp\/v2\/tags?post=67560"}],"curies":[{"name":"wp","href":"https:\/\/api.w.org\/{rel}","templated":true}]}}