{"id":67551,"date":"2020-01-24T10:45:26","date_gmt":"2020-01-24T13:45:26","guid":{"rendered":"https:\/\/eldiariodesanpedro.com.ar\/sitio\/?p=67551"},"modified":"2020-01-24T10:45:31","modified_gmt":"2020-01-24T13:45:31","slug":"san-nicolas-en-marzo-llegaria-la-tarjeta-alimentar-a-san-nicolas","status":"publish","type":"post","link":"https:\/\/eldiariodesanpedro.com.ar\/sitio\/san-nicolas-en-marzo-llegaria-la-tarjeta-alimentar-a-san-nicolas\/","title":{"rendered":"SAN NICOLAS | En marzo llegaria la tarjeta Alimentar a San Nicol\u00e1s"},"content":{"rendered":"<!-- VideographyWP Plugin Message: Automatic video embedding prevented by plugin options. -->\n\n<p>El ministro de Desarrollo Social, Daniel Arroyo, se reuni\u00f3 con intendentes y funcionarios de m\u00e1s de 50 municipios bonaerenses para analizar detalles para la implementaci\u00f3n de la tarjeta Alimentar, y se estim\u00f3 que en marzo llegar\u00e1 a todos los distritos.<\/p>\n\n\n\n<p>La comunicaci\u00f3n llega por mail o mensaje de texto a cada beneficiario y ya hay una modalidad digital de consulta para saber en qu\u00e9 momento y en qu\u00e9 distrito quedar\u00e1 operativa la posibilidad de contar mensualmente con 4000 pesos destinados solamente a alimentos.<br> Quienes necesiten consultar si figuran en el listado de beneficiarios podr\u00e1n ingresar allink del Ministerio de Desarrollo Social, insertar el n\u00famero de documento y comprobarsi habr\u00e1 una Tarjeta Alimentaria del programa a su nombre.<br> Si bien no hay fecha confirmada, entienden que ser\u00e1 en marzo cuando arriben los pl\u00e1sticos a los distritos del interior, puesto que el cronograma ya comprende, hasta fin de mes, ciudades con poblaciones muy superiores a los 200.000 habitantes.<br> Tras entregar las primeras tarjeras en siete comunas del Conurbano, Arroyo se reuni\u00f3 con representantes de otros municipios de la provincia para evacuar dudas sobre los operativos de entrega de la asistencia en sus comunas.<br> El ministro estuvo acompa\u00f1ado por la titular del Consejo Nacional de Coordinaci\u00f3n de Pol\u00edticas Sociales, Victoria Tolosa Paz, y la secretaria de Inclusi\u00f3n Social del ministerio de Desarrollo Social, Laura Alonso.<br> Seg\u00fan el Ministerio de Desarrollo Social, en Buenos Aires se distribuir\u00e1 557.000 tarjetas, lo que implica una asistencia que alcanzar\u00e1 a un mill\u00f3n de ni\u00f1os \u00aby una inyecci\u00f3n de $ 2.830 millones mensuales en el mercado local\u00bb.<\/p>\n\n\n\n<p>Fuente: Diario El Norte<\/p>\n","protected":false},"excerpt":{"rendered":"<p>El ministro de Desarrollo Social, Daniel Arroyo, se reuni\u00f3 con intendentes y funcionarios de m\u00e1s de 50 municipios bonaerenses para analizar detalles para la implementaci\u00f3n de la tarjeta Alimentar, y se estim\u00f3 que en marzo llegar\u00e1 a todos los distritos. La comunicaci\u00f3n llega por mail o mensaje de texto a cada beneficiario y ya hay [&hellip;]<\/p>\n","protected":false},"author":4,"featured_media":67552,"comment_status":"open","ping_status":"closed","sticky":false,"template":"","format":"standard","meta":{"om_disable_all_campaigns":false,"_jetpack_memberships_contains_paid_content":false,"footnotes":""},"categories":[621],"tags":[],"class_list":["post-67551","post","type-post","status-publish","format-standard","has-post-thumbnail","hentry","category-regionales"],"aioseo_notices":[],"gutentor_comment":0,"jetpack_featured_media_url":"https:\/\/eldiariodesanpedro.com.ar\/sitio\/wp-content\/uploads\/2020\/01\/0-10.jpg","jetpack_shortlink":"https:\/\/wp.me\/p6RhLt-hzx","jetpack_sharing_enabled":true,"_links":{"self":[{"href":"https:\/\/eldiariodesanpedro.com.ar\/sitio\/wp-json\/wp\/v2\/posts\/67551","targetHints":{"allow":["GET"]}}],"collection":[{"href":"https:\/\/eldiariodesanpedro.com.ar\/sitio\/wp-json\/wp\/v2\/posts"}],"about":[{"href":"https:\/\/eldiariodesanpedro.com.ar\/sitio\/wp-json\/wp\/v2\/types\/post"}],"author":[{"embeddable":true,"href":"https:\/\/eldiariodesanpedro.com.ar\/sitio\/wp-json\/wp\/v2\/users\/4"}],"replies":[{"embeddable":true,"href":"https:\/\/eldiariodesanpedro.com.ar\/sitio\/wp-json\/wp\/v2\/comments?post=67551"}],"version-history":[{"count":1,"href":"https:\/\/eldiariodesanpedro.com.ar\/sitio\/wp-json\/wp\/v2\/posts\/67551\/revisions"}],"predecessor-version":[{"id":67553,"href":"https:\/\/eldiariodesanpedro.com.ar\/sitio\/wp-json\/wp\/v2\/posts\/67551\/revisions\/67553"}],"wp:featuredmedia":[{"embeddable":true,"href":"https:\/\/eldiariodesanpedro.com.ar\/sitio\/wp-json\/wp\/v2\/media\/67552"}],"wp:attachment":[{"href":"https:\/\/eldiariodesanpedro.com.ar\/sitio\/wp-json\/wp\/v2\/media?parent=67551"}],"wp:term":[{"taxonomy":"category","embeddable":true,"href":"https:\/\/eldiariodesanpedro.com.ar\/sitio\/wp-json\/wp\/v2\/categories?post=67551"},{"taxonomy":"post_tag","embeddable":true,"href":"https:\/\/eldiariodesanpedro.com.ar\/sitio\/wp-json\/wp\/v2\/tags?post=67551"}],"curies":[{"name":"wp","href":"https:\/\/api.w.org\/{rel}","templated":true}]}}