{"id":67540,"date":"2020-01-24T10:50:15","date_gmt":"2020-01-24T13:50:15","guid":{"rendered":"https:\/\/eldiariodesanpedro.com.ar\/sitio\/?p=67540"},"modified":"2020-01-24T11:35:56","modified_gmt":"2020-01-24T14:35:56","slug":"un-efectivo-efectuo-un-disparo-con-bala-de-goma-y-lo-mato","status":"publish","type":"post","link":"https:\/\/eldiariodesanpedro.com.ar\/sitio\/un-efectivo-efectuo-un-disparo-con-bala-de-goma-y-lo-mato\/","title":{"rendered":"Un efectivo efectu\u00f3 un disparo con bala de goma y lo mat\u00f3"},"content":{"rendered":"<!-- VideographyWP Plugin Message: Automatic video embedding prevented by plugin options. -->\n\n<p>Sucedi\u00f3 en una vivienda de calle Alvarado al 1300, el personal policial acudi\u00f3 por un llamado de un violento conflicto familiar con amenaza de arma de fuego.\u00a0 Gabriel Luna, el agresor,  se esconde en un patio lindero escapando de la autoridad, cuando al visualizar al efectivo lo amenaza con un arma, inmediatamente el polic\u00eda responde con un un disparo produci\u00e9ndole la muerte la que, seg\u00fan se pudo establecer,\u00a0 se  origina por la corta distancia a la que se efectu\u00f3 el disparo.\u00a0<br><\/p>\n\n\n\n<figure class=\"wp-block-image size-large\"><img decoding=\"async\" width=\"1024\" height=\"682\" data-attachment-id=\"67543\" data-permalink=\"https:\/\/eldiariodesanpedro.com.ar\/sitio\/1_img-20200124-wa0032_watermark_vie-_24012020_101546\/\" data-orig-file=\"https:\/\/eldiariodesanpedro.com.ar\/sitio\/wp-content\/uploads\/2020\/01\/1_IMG-20200124-WA0032_watermark_vie._24012020_101546.jpg\" data-orig-size=\"1280,853\" data-comments-opened=\"1\" data-image-meta=\"{&quot;aperture&quot;:&quot;0&quot;,&quot;credit&quot;:&quot;&quot;,&quot;camera&quot;:&quot;&quot;,&quot;caption&quot;:&quot;&quot;,&quot;created_timestamp&quot;:&quot;0&quot;,&quot;copyright&quot;:&quot;&quot;,&quot;focal_length&quot;:&quot;0&quot;,&quot;iso&quot;:&quot;0&quot;,&quot;shutter_speed&quot;:&quot;0&quot;,&quot;title&quot;:&quot;&quot;,&quot;orientation&quot;:&quot;0&quot;}\" data-image-title=\"1_IMG-20200124-WA0032_watermark_vie._24012020_101546\" data-image-description=\"\" data-image-caption=\"\" data-large-file=\"https:\/\/eldiariodesanpedro.com.ar\/sitio\/wp-content\/uploads\/2020\/01\/1_IMG-20200124-WA0032_watermark_vie._24012020_101546-1024x682.jpg\" data-src=\"https:\/\/eldiariodesanpedro.com.ar\/sitio\/wp-content\/uploads\/2020\/01\/1_IMG-20200124-WA0032_watermark_vie._24012020_101546-1024x682.jpg\" alt=\"\" class=\"wp-image-67543 lazyload\" data-srcset=\"https:\/\/eldiariodesanpedro.com.ar\/sitio\/wp-content\/uploads\/2020\/01\/1_IMG-20200124-WA0032_watermark_vie._24012020_101546-1024x682.jpg 1024w, https:\/\/eldiariodesanpedro.com.ar\/sitio\/wp-content\/uploads\/2020\/01\/1_IMG-20200124-WA0032_watermark_vie._24012020_101546-300x200.jpg 300w, https:\/\/eldiariodesanpedro.com.ar\/sitio\/wp-content\/uploads\/2020\/01\/1_IMG-20200124-WA0032_watermark_vie._24012020_101546-768x512.jpg 768w, https:\/\/eldiariodesanpedro.com.ar\/sitio\/wp-content\/uploads\/2020\/01\/1_IMG-20200124-WA0032_watermark_vie._24012020_101546.jpg 1280w\" data-sizes=\"(max-width: 1024px) 100vw, 1024px\" src=\"data:image\/svg+xml;base64,PHN2ZyB3aWR0aD0iMSIgaGVpZ2h0PSIxIiB4bWxucz0iaHR0cDovL3d3dy53My5vcmcvMjAwMC9zdmciPjwvc3ZnPg==\" style=\"--smush-placeholder-width: 1024px; --smush-placeholder-aspect-ratio: 1024\/682;\" \/><\/figure>\n\n\n\n<p><br><\/p>\n\n\n\n<p><strong>Las llamadas armas no letales pueden ser letales<br><\/strong><\/p>\n\n\n\n<p> Fuentes policiales afirman que la muerte del joven se origina por la corta distancia a la que se efectu\u00f3 el disparo, &nbsp;\u201cse comport\u00f3 como una munici\u00f3n normal\u201d<\/p>\n\n\n\n<p>El lamentable hecho ocurri\u00f3 por la madrugada,&nbsp; tras un llamado de alerta por la familia del fallecido donde se estaba produciendo una pelea entre hermanos.<br><\/p>\n\n\n\n<p>Personal policial acude al lugar encontr\u00e1ndose con el agresor intentando huir.&nbsp;<br><\/p>\n\n\n\n<p>As\u00ed fue como el joven de 26 a\u00f1os de edad se esconde en un patio lindero, y aqu\u00ed surgen las versiones del caso:<br><\/p>\n\n\n\n<p>Seg\u00fan fuentes policiales: el agresor se esconde entre los arbustos con un arma de fuego( un 38 , arma de guerra, secuestrada) , cuando visualiza a un efectivo intenta enfrentarlo pero este le efect\u00faa un disparo con la escopeta reglamentaria, una munici\u00f3n de las llamadas \u201cantidisturbios\u201d, con perdigones de goma.<\/p>\n\n\n\n<p><\/p>\n\n\n\n<p><br><\/p>\n\n\n\n<p>Seg\u00fan testimonios familiares: el fallecido no ten\u00eda arma de fuego, si se encontraba en estado de ebriedad y violento amedrentando contra la familia pero no dispar\u00f3 ni enfrent\u00f3 al personal policial.<\/p>\n\n\n\n<figure class=\"wp-block-image size-large\"><img decoding=\"async\" width=\"1024\" height=\"682\" data-attachment-id=\"67550\" data-permalink=\"https:\/\/eldiariodesanpedro.com.ar\/sitio\/8_img-20200124-wa0045_watermark_vie-_24012020_101548\/\" data-orig-file=\"https:\/\/eldiariodesanpedro.com.ar\/sitio\/wp-content\/uploads\/2020\/01\/8_IMG-20200124-WA0045_watermark_vie._24012020_101548.jpg\" data-orig-size=\"1280,853\" data-comments-opened=\"1\" data-image-meta=\"{&quot;aperture&quot;:&quot;0&quot;,&quot;credit&quot;:&quot;&quot;,&quot;camera&quot;:&quot;&quot;,&quot;caption&quot;:&quot;&quot;,&quot;created_timestamp&quot;:&quot;0&quot;,&quot;copyright&quot;:&quot;&quot;,&quot;focal_length&quot;:&quot;0&quot;,&quot;iso&quot;:&quot;0&quot;,&quot;shutter_speed&quot;:&quot;0&quot;,&quot;title&quot;:&quot;&quot;,&quot;orientation&quot;:&quot;0&quot;}\" data-image-title=\"8_IMG-20200124-WA0045_watermark_vie._24012020_101548\" data-image-description=\"\" data-image-caption=\"\" data-large-file=\"https:\/\/eldiariodesanpedro.com.ar\/sitio\/wp-content\/uploads\/2020\/01\/8_IMG-20200124-WA0045_watermark_vie._24012020_101548-1024x682.jpg\" data-src=\"https:\/\/eldiariodesanpedro.com.ar\/sitio\/wp-content\/uploads\/2020\/01\/8_IMG-20200124-WA0045_watermark_vie._24012020_101548-1024x682.jpg\" alt=\"\" class=\"wp-image-67550 lazyload\" data-srcset=\"https:\/\/eldiariodesanpedro.com.ar\/sitio\/wp-content\/uploads\/2020\/01\/8_IMG-20200124-WA0045_watermark_vie._24012020_101548-1024x682.jpg 1024w, https:\/\/eldiariodesanpedro.com.ar\/sitio\/wp-content\/uploads\/2020\/01\/8_IMG-20200124-WA0045_watermark_vie._24012020_101548-300x200.jpg 300w, https:\/\/eldiariodesanpedro.com.ar\/sitio\/wp-content\/uploads\/2020\/01\/8_IMG-20200124-WA0045_watermark_vie._24012020_101548-768x512.jpg 768w, https:\/\/eldiariodesanpedro.com.ar\/sitio\/wp-content\/uploads\/2020\/01\/8_IMG-20200124-WA0045_watermark_vie._24012020_101548.jpg 1280w\" data-sizes=\"(max-width: 1024px) 100vw, 1024px\" src=\"data:image\/svg+xml;base64,PHN2ZyB3aWR0aD0iMSIgaGVpZ2h0PSIxIiB4bWxucz0iaHR0cDovL3d3dy53My5vcmcvMjAwMC9zdmciPjwvc3ZnPg==\" style=\"--smush-placeholder-width: 1024px; --smush-placeholder-aspect-ratio: 1024\/682;\" \/><\/figure>\n\n\n\n<p><br>En el lugar trabaja polic\u00eda cient\u00edfica y personal de Prefectura. La fiscal\u00eda N\u00ba5 es quien instruye la causa.<br><\/p>\n\n\n\n<p>Se esperan los resultados de las pericias y la autopsia del joven fallecido.<br><\/p>\n\n\n\n<p>(ampliaremos)<\/p>\n\n\n\n<p>Resumiendo, y volviendo a la pregunta inicial, \u00bfpuede matarte una bala de goma? La respuesta es que s\u00ed. <\/p>\n\n\n\n<p>Clasificadas como armas \u201cno letales\u201d o \u201cmenos letales\u201d, las balas de goma, que consisten por lo general,&nbsp;<strong>en una cubierta met\u00e1lica de 40 mil\u00edmetros recubierta de goma y est\u00e1n destinadas a incapacitar a los blancos sin causar lesiones graves o la muerte<\/strong>.<\/p>\n\n\n\n<p>Al igual que la bala de reparto real, el peligro potencial de la bala de goma tambi\u00e9n depende de c\u00f3mo son despedidos, <strong>esta munici\u00f3n no debe considerarse un m\u00e9todo seguro de controlar.<\/strong><\/p>\n\n\n\n<p>Las lesiones notorias infligidas por las balas de goma en las extremidades, as\u00ed como la cabeza, el cuello, la cara y el pecho, lo que indica el manejo inadecuado de estas armas, ya que&nbsp;<strong>las balas de goma deben estar dirigidas a la mitad inferior del cuerpo de una persona para evitar causar da\u00f1os graves<\/strong>.&nbsp; <br><br><\/p>\n","protected":false},"excerpt":{"rendered":"<p>Sucedi\u00f3 en una vivienda de calle Alvarado al 1300, el personal policial acudi\u00f3 por un llamado de un violento conflicto familiar con amenaza de arma de fuego.\u00a0 Gabriel Luna, el agresor, se esconde en un patio lindero escapando de la autoridad, cuando al visualizar al efectivo lo amenaza con un arma, inmediatamente el polic\u00eda responde [&hellip;]<\/p>\n","protected":false},"author":4,"featured_media":67549,"comment_status":"open","ping_status":"closed","sticky":false,"template":"","format":"standard","meta":{"om_disable_all_campaigns":false,"_jetpack_memberships_contains_paid_content":false,"footnotes":""},"categories":[50,2,103],"tags":[],"class_list":["post-67540","post","type-post","status-publish","format-standard","has-post-thumbnail","hentry","category-destacadas","category-locales","category-policiales-locales"],"aioseo_notices":[],"gutentor_comment":0,"jetpack_featured_media_url":"https:\/\/eldiariodesanpedro.com.ar\/sitio\/wp-content\/uploads\/2020\/01\/9_IMG-20200124-WA0050_watermark_vie._24012020_101548.jpg","jetpack_shortlink":"https:\/\/wp.me\/p6RhLt-hzm","jetpack_sharing_enabled":true,"_links":{"self":[{"href":"https:\/\/eldiariodesanpedro.com.ar\/sitio\/wp-json\/wp\/v2\/posts\/67540","targetHints":{"allow":["GET"]}}],"collection":[{"href":"https:\/\/eldiariodesanpedro.com.ar\/sitio\/wp-json\/wp\/v2\/posts"}],"about":[{"href":"https:\/\/eldiariodesanpedro.com.ar\/sitio\/wp-json\/wp\/v2\/types\/post"}],"author":[{"embeddable":true,"href":"https:\/\/eldiariodesanpedro.com.ar\/sitio\/wp-json\/wp\/v2\/users\/4"}],"replies":[{"embeddable":true,"href":"https:\/\/eldiariodesanpedro.com.ar\/sitio\/wp-json\/wp\/v2\/comments?post=67540"}],"version-history":[{"count":4,"href":"https:\/\/eldiariodesanpedro.com.ar\/sitio\/wp-json\/wp\/v2\/posts\/67540\/revisions"}],"predecessor-version":[{"id":67585,"href":"https:\/\/eldiariodesanpedro.com.ar\/sitio\/wp-json\/wp\/v2\/posts\/67540\/revisions\/67585"}],"wp:featuredmedia":[{"embeddable":true,"href":"https:\/\/eldiariodesanpedro.com.ar\/sitio\/wp-json\/wp\/v2\/media\/67549"}],"wp:attachment":[{"href":"https:\/\/eldiariodesanpedro.com.ar\/sitio\/wp-json\/wp\/v2\/media?parent=67540"}],"wp:term":[{"taxonomy":"category","embeddable":true,"href":"https:\/\/eldiariodesanpedro.com.ar\/sitio\/wp-json\/wp\/v2\/categories?post=67540"},{"taxonomy":"post_tag","embeddable":true,"href":"https:\/\/eldiariodesanpedro.com.ar\/sitio\/wp-json\/wp\/v2\/tags?post=67540"}],"curies":[{"name":"wp","href":"https:\/\/api.w.org\/{rel}","templated":true}]}}