{"id":67535,"date":"2020-01-23T12:52:20","date_gmt":"2020-01-23T15:52:20","guid":{"rendered":"https:\/\/eldiariodesanpedro.com.ar\/sitio\/?p=67535"},"modified":"2020-01-23T12:52:25","modified_gmt":"2020-01-23T15:52:25","slug":"paganuchi-la-reunion-con-salazar-la-solicitamos-en-diciembre-le-anadimos-el-tema-del-fondo-educativo","status":"publish","type":"post","link":"https:\/\/eldiariodesanpedro.com.ar\/sitio\/paganuchi-la-reunion-con-salazar-la-solicitamos-en-diciembre-le-anadimos-el-tema-del-fondo-educativo\/","title":{"rendered":"Paganuchi: \u00abLa reuni\u00f3n con Salazar la solicitamos en diciembre, le a\u00f1adimos el tema del fondo educativo\u00bb"},"content":{"rendered":"<!-- VideographyWP Plugin Message: Automatic video embedding prevented by plugin options. -->\n\n<p>Marcelo Paganuchi, Presidente del Consejo Escolar respondi\u00f3 a nuestra consulta por el resultado de la reuni\u00f3n con el intendente interino Ram\u00f3n Salazar.<br><\/p>\n\n\n\n<p>\u00abla reuni\u00f3n fue presenciada por el Secretario de Gobierno, Silvio Corti, el actual intendente interino Ram\u00f3n\u00a0 Salazar, los consejeros escolares que estuvieron todos presentes y Cecilia Macchia por el Frente de Todos, se dialogo por el uso del fondo educativo, los 26 millones de pesos que utilizaron para sueldos y aguinaldos, quienes por ley manifestaron que tienen un plazo de 2 a\u00f1os para devolverlo pero est\u00e1n a la espera de un dinero que les mandara provincia para devolver el subsidio que han retirado, tambi\u00e9n se habl\u00f3 de un subsidio que nos van a girar al consejo escolar por 3 millones de pesos para el inicio del ciclo lectivo, para obras de urgencia que tenernos para iniciar el a\u00f1o escolar sin inconvenientes, esto es lo fundamental que se habl\u00f3\u00bb<br><\/p>\n\n\n\n<p>\u00abEl lunes te adelanto se estar\u00e1 firmando un convenio con el municipio y la provincia tema \u00abinfraestructura escolar\u00bb\u00a0<br><\/p>\n\n\n\n<p>\u00abEsta reuni\u00f3n no fue por la audiencia que solicit\u00f3 Macchia de car\u00e1cter urgente con el interino, esta reuni\u00f3n fue solicitada el mes de diciembre para dialogar el tema de infraestructura escolar , l\u00f3gicamente hablo por el tema en cuestion de estos \u00faltimos d\u00edas\u00bb, culmin\u00f3.<br><\/p>\n","protected":false},"excerpt":{"rendered":"<p>Marcelo Paganuchi, Presidente del Consejo Escolar respondi\u00f3 a nuestra consulta por el resultado de la reuni\u00f3n con el intendente interino Ram\u00f3n Salazar. \u00abla reuni\u00f3n fue presenciada por el Secretario de Gobierno, Silvio Corti, el actual intendente interino Ram\u00f3n\u00a0 Salazar, los consejeros escolares que estuvieron todos presentes y Cecilia Macchia por el Frente de Todos, se [&hellip;]<\/p>\n","protected":false},"author":4,"featured_media":67536,"comment_status":"open","ping_status":"closed","sticky":false,"template":"","format":"standard","meta":{"om_disable_all_campaigns":false,"_jetpack_memberships_contains_paid_content":false,"footnotes":""},"categories":[101,2],"tags":[],"class_list":["post-67535","post","type-post","status-publish","format-standard","has-post-thumbnail","hentry","category-interes-general-locales","category-locales"],"aioseo_notices":[],"gutentor_comment":0,"jetpack_featured_media_url":"https:\/\/eldiariodesanpedro.com.ar\/sitio\/wp-content\/uploads\/2020\/01\/74701531_2880524805311665_5392068592424452096_n.jpg","jetpack_shortlink":"https:\/\/wp.me\/p6RhLt-hzh","jetpack_sharing_enabled":true,"_links":{"self":[{"href":"https:\/\/eldiariodesanpedro.com.ar\/sitio\/wp-json\/wp\/v2\/posts\/67535","targetHints":{"allow":["GET"]}}],"collection":[{"href":"https:\/\/eldiariodesanpedro.com.ar\/sitio\/wp-json\/wp\/v2\/posts"}],"about":[{"href":"https:\/\/eldiariodesanpedro.com.ar\/sitio\/wp-json\/wp\/v2\/types\/post"}],"author":[{"embeddable":true,"href":"https:\/\/eldiariodesanpedro.com.ar\/sitio\/wp-json\/wp\/v2\/users\/4"}],"replies":[{"embeddable":true,"href":"https:\/\/eldiariodesanpedro.com.ar\/sitio\/wp-json\/wp\/v2\/comments?post=67535"}],"version-history":[{"count":1,"href":"https:\/\/eldiariodesanpedro.com.ar\/sitio\/wp-json\/wp\/v2\/posts\/67535\/revisions"}],"predecessor-version":[{"id":67537,"href":"https:\/\/eldiariodesanpedro.com.ar\/sitio\/wp-json\/wp\/v2\/posts\/67535\/revisions\/67537"}],"wp:featuredmedia":[{"embeddable":true,"href":"https:\/\/eldiariodesanpedro.com.ar\/sitio\/wp-json\/wp\/v2\/media\/67536"}],"wp:attachment":[{"href":"https:\/\/eldiariodesanpedro.com.ar\/sitio\/wp-json\/wp\/v2\/media?parent=67535"}],"wp:term":[{"taxonomy":"category","embeddable":true,"href":"https:\/\/eldiariodesanpedro.com.ar\/sitio\/wp-json\/wp\/v2\/categories?post=67535"},{"taxonomy":"post_tag","embeddable":true,"href":"https:\/\/eldiariodesanpedro.com.ar\/sitio\/wp-json\/wp\/v2\/tags?post=67535"}],"curies":[{"name":"wp","href":"https:\/\/api.w.org\/{rel}","templated":true}]}}