{"id":67529,"date":"2020-01-23T12:00:24","date_gmt":"2020-01-23T15:00:24","guid":{"rendered":"https:\/\/eldiariodesanpedro.com.ar\/sitio\/?p=67529"},"modified":"2020-01-23T12:02:46","modified_gmt":"2020-01-23T15:02:46","slug":"una-moto-con-secuestro-activo-en-operativo","status":"publish","type":"post","link":"https:\/\/eldiariodesanpedro.com.ar\/sitio\/una-moto-con-secuestro-activo-en-operativo\/","title":{"rendered":"Una moto con secuestro activo en operativo"},"content":{"rendered":"<!-- VideographyWP Plugin Message: Automatic video embedding prevented by plugin options. -->\n\n<p>El rodado registraba pedido de secuestro con fecha de alta del 25 de junio de 2019. Interviene UFI N\u00ba11.<br><\/p>\n\n\n\n<p>En el marco de operativo saturaci\u00f3n e identificaci\u00f3n de personas y veh\u00edculos seg\u00fan Orden de Servicio N\u00b0 04\/20, en intersecci\u00f3n de la Ruta 1001 y Acceso a papel Prensa, personal policial del Destacamento La Tosquera procedi\u00f3 a la aprehensi\u00f3n de un masculino de 28 a\u00f1os de edad, quien circulaba en una motocicleta marca Guerrero 90c.c.\u00a0<br><\/p>\n\n\n\n<p>El rodado era solicitado por la UFI 11 \u00absecuestro activo\u00bb por el delito de hurto con fecha de  alta el 25 de junio de 2019.<br><\/p>\n","protected":false},"excerpt":{"rendered":"<p>El rodado registraba pedido de secuestro con fecha de alta del 25 de junio de 2019. Interviene UFI N\u00ba11. En el marco de operativo saturaci\u00f3n e identificaci\u00f3n de personas y veh\u00edculos seg\u00fan Orden de Servicio N\u00b0 04\/20, en intersecci\u00f3n de la Ruta 1001 y Acceso a papel Prensa, personal policial del Destacamento La Tosquera procedi\u00f3 [&hellip;]<\/p>\n","protected":false},"author":4,"featured_media":67530,"comment_status":"open","ping_status":"closed","sticky":false,"template":"","format":"standard","meta":{"om_disable_all_campaigns":false,"_jetpack_memberships_contains_paid_content":false,"footnotes":""},"categories":[2,103],"tags":[],"class_list":["post-67529","post","type-post","status-publish","format-standard","has-post-thumbnail","hentry","category-locales","category-policiales-locales"],"aioseo_notices":[],"gutentor_comment":0,"jetpack_featured_media_url":"https:\/\/eldiariodesanpedro.com.ar\/sitio\/wp-content\/uploads\/2020\/01\/moto-hallada-tosquera.jpg","jetpack_shortlink":"https:\/\/wp.me\/p6RhLt-hzb","jetpack_sharing_enabled":true,"_links":{"self":[{"href":"https:\/\/eldiariodesanpedro.com.ar\/sitio\/wp-json\/wp\/v2\/posts\/67529","targetHints":{"allow":["GET"]}}],"collection":[{"href":"https:\/\/eldiariodesanpedro.com.ar\/sitio\/wp-json\/wp\/v2\/posts"}],"about":[{"href":"https:\/\/eldiariodesanpedro.com.ar\/sitio\/wp-json\/wp\/v2\/types\/post"}],"author":[{"embeddable":true,"href":"https:\/\/eldiariodesanpedro.com.ar\/sitio\/wp-json\/wp\/v2\/users\/4"}],"replies":[{"embeddable":true,"href":"https:\/\/eldiariodesanpedro.com.ar\/sitio\/wp-json\/wp\/v2\/comments?post=67529"}],"version-history":[{"count":2,"href":"https:\/\/eldiariodesanpedro.com.ar\/sitio\/wp-json\/wp\/v2\/posts\/67529\/revisions"}],"predecessor-version":[{"id":67532,"href":"https:\/\/eldiariodesanpedro.com.ar\/sitio\/wp-json\/wp\/v2\/posts\/67529\/revisions\/67532"}],"wp:featuredmedia":[{"embeddable":true,"href":"https:\/\/eldiariodesanpedro.com.ar\/sitio\/wp-json\/wp\/v2\/media\/67530"}],"wp:attachment":[{"href":"https:\/\/eldiariodesanpedro.com.ar\/sitio\/wp-json\/wp\/v2\/media?parent=67529"}],"wp:term":[{"taxonomy":"category","embeddable":true,"href":"https:\/\/eldiariodesanpedro.com.ar\/sitio\/wp-json\/wp\/v2\/categories?post=67529"},{"taxonomy":"post_tag","embeddable":true,"href":"https:\/\/eldiariodesanpedro.com.ar\/sitio\/wp-json\/wp\/v2\/tags?post=67529"}],"curies":[{"name":"wp","href":"https:\/\/api.w.org\/{rel}","templated":true}]}}