{"id":67527,"date":"2020-01-23T11:45:50","date_gmt":"2020-01-23T14:45:50","guid":{"rendered":"https:\/\/eldiariodesanpedro.com.ar\/sitio\/?p=67527"},"modified":"2020-01-23T11:45:55","modified_gmt":"2020-01-23T14:45:55","slug":"motochorros-le-sustrajeron-el-celular","status":"publish","type":"post","link":"https:\/\/eldiariodesanpedro.com.ar\/sitio\/motochorros-le-sustrajeron-el-celular\/","title":{"rendered":"Motochorros le sustrajeron el celular"},"content":{"rendered":"<!-- VideographyWP Plugin Message: Automatic video embedding prevented by plugin options. -->\n\n<p>La v\u00edctima circulaba en bicicleta cuando los malvivientes la sorprenden y le arrebatan con violencia el celular.<br><\/p>\n\n\n\n<p>Sucedi\u00f3 por calle Uruguay al 1700, la mujer de 29 a\u00f1os de edad se dirig\u00eda sola en su rodado cuando los malvivientes a bordo de una 110 cc de color bordo la intimidad con violencia logrando sustraer el elemento mencionado.<br><\/p>\n\n\n\n<p>Toma conocimiento la fiscal\u00eda N\u00ba5 del Dr Manso y DDI local.<br><\/p>\n","protected":false},"excerpt":{"rendered":"<p>La v\u00edctima circulaba en bicicleta cuando los malvivientes la sorprenden y le arrebatan con violencia el celular. Sucedi\u00f3 por calle Uruguay al 1700, la mujer de 29 a\u00f1os de edad se dirig\u00eda sola en su rodado cuando los malvivientes a bordo de una 110 cc de color bordo la intimidad con violencia logrando sustraer el [&hellip;]<\/p>\n","protected":false},"author":4,"featured_media":66979,"comment_status":"open","ping_status":"closed","sticky":false,"template":"","format":"standard","meta":{"om_disable_all_campaigns":false,"_jetpack_memberships_contains_paid_content":false,"footnotes":""},"categories":[2,103],"tags":[],"class_list":["post-67527","post","type-post","status-publish","format-standard","has-post-thumbnail","hentry","category-locales","category-policiales-locales"],"aioseo_notices":[],"gutentor_comment":0,"jetpack_featured_media_url":"https:\/\/eldiariodesanpedro.com.ar\/sitio\/wp-content\/uploads\/2020\/01\/no_r6svplv98aahu9cno_jkv4vcytez642glcp.jpg","jetpack_shortlink":"https:\/\/wp.me\/p6RhLt-hz9","jetpack_sharing_enabled":true,"_links":{"self":[{"href":"https:\/\/eldiariodesanpedro.com.ar\/sitio\/wp-json\/wp\/v2\/posts\/67527","targetHints":{"allow":["GET"]}}],"collection":[{"href":"https:\/\/eldiariodesanpedro.com.ar\/sitio\/wp-json\/wp\/v2\/posts"}],"about":[{"href":"https:\/\/eldiariodesanpedro.com.ar\/sitio\/wp-json\/wp\/v2\/types\/post"}],"author":[{"embeddable":true,"href":"https:\/\/eldiariodesanpedro.com.ar\/sitio\/wp-json\/wp\/v2\/users\/4"}],"replies":[{"embeddable":true,"href":"https:\/\/eldiariodesanpedro.com.ar\/sitio\/wp-json\/wp\/v2\/comments?post=67527"}],"version-history":[{"count":1,"href":"https:\/\/eldiariodesanpedro.com.ar\/sitio\/wp-json\/wp\/v2\/posts\/67527\/revisions"}],"predecessor-version":[{"id":67528,"href":"https:\/\/eldiariodesanpedro.com.ar\/sitio\/wp-json\/wp\/v2\/posts\/67527\/revisions\/67528"}],"wp:featuredmedia":[{"embeddable":true,"href":"https:\/\/eldiariodesanpedro.com.ar\/sitio\/wp-json\/wp\/v2\/media\/66979"}],"wp:attachment":[{"href":"https:\/\/eldiariodesanpedro.com.ar\/sitio\/wp-json\/wp\/v2\/media?parent=67527"}],"wp:term":[{"taxonomy":"category","embeddable":true,"href":"https:\/\/eldiariodesanpedro.com.ar\/sitio\/wp-json\/wp\/v2\/categories?post=67527"},{"taxonomy":"post_tag","embeddable":true,"href":"https:\/\/eldiariodesanpedro.com.ar\/sitio\/wp-json\/wp\/v2\/tags?post=67527"}],"curies":[{"name":"wp","href":"https:\/\/api.w.org\/{rel}","templated":true}]}}