{"id":67524,"date":"2020-01-23T11:13:33","date_gmt":"2020-01-23T14:13:33","guid":{"rendered":"https:\/\/eldiariodesanpedro.com.ar\/sitio\/?p=67524"},"modified":"2020-01-23T11:14:17","modified_gmt":"2020-01-23T14:14:17","slug":"el-ex-policia-sampedrino-que-ataco-a-su-ex-en-baradero-fue-liberado","status":"publish","type":"post","link":"https:\/\/eldiariodesanpedro.com.ar\/sitio\/el-ex-policia-sampedrino-que-ataco-a-su-ex-en-baradero-fue-liberado\/","title":{"rendered":"El ex polic\u00eda sampedrino que atac\u00f3 a su ex en Baradero fue liberado"},"content":{"rendered":"<!-- VideographyWP Plugin Message: Automatic video embedding prevented by plugin options. -->\n\n<p>El acusado fue aprehendido en el momento del violento hecho y la fiscal interviniente Vicente Gomez habr\u00eda solicitado su detenci\u00f3n.<br><\/p>\n\n\n\n<p>Por las \u00faltimas horas se conoci\u00f3 la decisi\u00f3n del Juzgado de Garant\u00edas quien hizo caso omiso al pedido de la fiscal y orden\u00f3 su excarcelaci\u00f3n.<br><\/p>\n\n\n\n<p>Lo m\u00e1s grave del caso es que adem\u00e1s de su violenta reacci\u00f3n atentando contra la vida de su ex mujer y su ex suegra, tiene vigente la restricci\u00f3n perimetral la cual viol\u00f3 este domingo y\u00a0 se tendra que renovar en pocos d\u00edas.<\/p>\n\n\n\n<p>Para el Juez solo incumplio una orden, no hay lesiones para las v\u00edctimas.<br><\/p>\n\n\n\n<p><strong>EL HECHO PUBLICADO POR EL DIARIO DE SAN PEDRO<\/strong><\/p>\n\n\n\n<p>Sucedi\u00f3 por la ma\u00f1ana de este domingo en la ciudad vecina.<\/p>\n\n\n\n<p>El efectivo polic\u00edal atent\u00f3 contra la vida de su ex mujer y su ex suegra. Seg\u00fan testimonios tuvo \u00abun ataque de furia\u00bb .<\/p>\n\n\n\n<p>Testimonios allegados al ex polic\u00eda cuenta que no le estar\u00edan permitiendo tener relaci\u00f3n con sus hijos\/o<\/p>\n\n\n\n<p>El agresor seg\u00fan informan fuentes policiales no estar\u00eda ejerciendo la funci\u00f3n . Fue exonerado de la fuerza hace uno o dos a\u00f1os.<\/p>\n\n\n\n<p>El hecho se produjo cuando est\u00e9 sujeto se acerc\u00f3 a la vivienda de la expareja destrozando todo a su pas\u00f3.<\/p>\n\n\n\n<p>La v\u00edctima pide auxilio desesperada a sus padres quien logra acercarse su madre. Al llegar a la intersecci\u00f3n de las calles Gallo y Segundo Sombra , el violento la pasa por arriba con su autom\u00f3vil quedando la motocicleta,con la cual intentaba ayudar a su hija debajo salv\u00e1ndose de milagro.<\/p>\n\n\n\n<figure class=\"wp-block-image size-large\"><img decoding=\"async\" width=\"720\" height=\"960\" data-attachment-id=\"67269\" data-permalink=\"https:\/\/eldiariodesanpedro.com.ar\/sitio\/baradero-policia-sampedrino-paso-por-arriba-a-su-ex-con-el-auto\/82396836_1321577701363563_4850525593525026816_n\/\" data-orig-file=\"https:\/\/eldiariodesanpedro.com.ar\/sitio\/wp-content\/uploads\/2020\/01\/82396836_1321577701363563_4850525593525026816_n.jpg\" data-orig-size=\"720,960\" data-comments-opened=\"1\" data-image-meta=\"{&quot;aperture&quot;:&quot;0&quot;,&quot;credit&quot;:&quot;&quot;,&quot;camera&quot;:&quot;&quot;,&quot;caption&quot;:&quot;&quot;,&quot;created_timestamp&quot;:&quot;0&quot;,&quot;copyright&quot;:&quot;&quot;,&quot;focal_length&quot;:&quot;0&quot;,&quot;iso&quot;:&quot;0&quot;,&quot;shutter_speed&quot;:&quot;0&quot;,&quot;title&quot;:&quot;&quot;,&quot;orientation&quot;:&quot;0&quot;}\" data-image-title=\"82396836_1321577701363563_4850525593525026816_n\" data-image-description=\"\" data-image-caption=\"\" data-large-file=\"https:\/\/eldiariodesanpedro.com.ar\/sitio\/wp-content\/uploads\/2020\/01\/82396836_1321577701363563_4850525593525026816_n.jpg\" data-src=\"https:\/\/eldiariodesanpedro.com.ar\/sitio\/wp-content\/uploads\/2020\/01\/82396836_1321577701363563_4850525593525026816_n.jpg\" alt=\"\" class=\"wp-image-67269 lazyload\" data-srcset=\"https:\/\/eldiariodesanpedro.com.ar\/sitio\/wp-content\/uploads\/2020\/01\/82396836_1321577701363563_4850525593525026816_n.jpg 720w, https:\/\/eldiariodesanpedro.com.ar\/sitio\/wp-content\/uploads\/2020\/01\/82396836_1321577701363563_4850525593525026816_n-225x300.jpg 225w\" data-sizes=\"(max-width: 720px) 100vw, 720px\" src=\"data:image\/svg+xml;base64,PHN2ZyB3aWR0aD0iMSIgaGVpZ2h0PSIxIiB4bWxucz0iaHR0cDovL3d3dy53My5vcmcvMjAwMC9zdmciPjwvc3ZnPg==\" style=\"--smush-placeholder-width: 720px; --smush-placeholder-aspect-ratio: 720\/960;\" \/><\/figure>\n\n\n\n<p>Testimonios de vecinos junto con el papa de la v\u00edctima cuenta que al llamado de su hija, sali\u00f3 r\u00e1pido a buscarla en la moto, \u00abde milagro no la moto cuando la vio \u00e9l estaba en el auto y se le tir\u00f3 encima\u00bb, \u00absiempre estuvo via libre este tipo, los polic\u00edas no le dan bola, hace como 4 meses tambi\u00e9n fue hacerle l\u00edo , la primera vez despu\u00e9s que se separ\u00f3 le peg\u00f3 en la calle, la tir\u00f3 de la moto\u00bb<br><\/p>\n\n\n\n<p>Tambien otros testimonios afieman que los veinos se acercaron e intervinieron en el conflicto atentando contra el auto del agresor.<\/p>\n","protected":false},"excerpt":{"rendered":"<p>El acusado fue aprehendido en el momento del violento hecho y la fiscal interviniente Vicente Gomez habr\u00eda solicitado su detenci\u00f3n. Por las \u00faltimas horas se conoci\u00f3 la decisi\u00f3n del Juzgado de Garant\u00edas quien hizo caso omiso al pedido de la fiscal y orden\u00f3 su excarcelaci\u00f3n. Lo m\u00e1s grave del caso es que adem\u00e1s de su [&hellip;]<\/p>\n","protected":false},"author":4,"featured_media":67272,"comment_status":"open","ping_status":"closed","sticky":false,"template":"","format":"standard","meta":{"om_disable_all_campaigns":false,"_jetpack_memberships_contains_paid_content":false,"footnotes":""},"categories":[621],"tags":[],"class_list":["post-67524","post","type-post","status-publish","format-standard","has-post-thumbnail","hentry","category-regionales"],"aioseo_notices":[],"gutentor_comment":0,"jetpack_featured_media_url":"https:\/\/eldiariodesanpedro.com.ar\/sitio\/wp-content\/uploads\/2020\/01\/83198844_1321577774696889_1006619868939681792_n.jpg","jetpack_shortlink":"https:\/\/wp.me\/p6RhLt-hz6","jetpack_sharing_enabled":true,"_links":{"self":[{"href":"https:\/\/eldiariodesanpedro.com.ar\/sitio\/wp-json\/wp\/v2\/posts\/67524","targetHints":{"allow":["GET"]}}],"collection":[{"href":"https:\/\/eldiariodesanpedro.com.ar\/sitio\/wp-json\/wp\/v2\/posts"}],"about":[{"href":"https:\/\/eldiariodesanpedro.com.ar\/sitio\/wp-json\/wp\/v2\/types\/post"}],"author":[{"embeddable":true,"href":"https:\/\/eldiariodesanpedro.com.ar\/sitio\/wp-json\/wp\/v2\/users\/4"}],"replies":[{"embeddable":true,"href":"https:\/\/eldiariodesanpedro.com.ar\/sitio\/wp-json\/wp\/v2\/comments?post=67524"}],"version-history":[{"count":2,"href":"https:\/\/eldiariodesanpedro.com.ar\/sitio\/wp-json\/wp\/v2\/posts\/67524\/revisions"}],"predecessor-version":[{"id":67526,"href":"https:\/\/eldiariodesanpedro.com.ar\/sitio\/wp-json\/wp\/v2\/posts\/67524\/revisions\/67526"}],"wp:featuredmedia":[{"embeddable":true,"href":"https:\/\/eldiariodesanpedro.com.ar\/sitio\/wp-json\/wp\/v2\/media\/67272"}],"wp:attachment":[{"href":"https:\/\/eldiariodesanpedro.com.ar\/sitio\/wp-json\/wp\/v2\/media?parent=67524"}],"wp:term":[{"taxonomy":"category","embeddable":true,"href":"https:\/\/eldiariodesanpedro.com.ar\/sitio\/wp-json\/wp\/v2\/categories?post=67524"},{"taxonomy":"post_tag","embeddable":true,"href":"https:\/\/eldiariodesanpedro.com.ar\/sitio\/wp-json\/wp\/v2\/tags?post=67524"}],"curies":[{"name":"wp","href":"https:\/\/api.w.org\/{rel}","templated":true}]}}