{"id":67519,"date":"2020-01-23T10:08:02","date_gmt":"2020-01-23T13:08:02","guid":{"rendered":"https:\/\/eldiariodesanpedro.com.ar\/sitio\/?p=67519"},"modified":"2020-01-23T10:08:04","modified_gmt":"2020-01-23T13:08:04","slug":"campana-desesperado-reclamo-de-pacientes-de-dialisis-en-la-municipalidad","status":"publish","type":"post","link":"https:\/\/eldiariodesanpedro.com.ar\/sitio\/campana-desesperado-reclamo-de-pacientes-de-dialisis-en-la-municipalidad\/","title":{"rendered":"CAMPANA | Desesperado reclamo de pacientes de di\u00e1lisis en la Municipalidad"},"content":{"rendered":"<!-- VideographyWP Plugin Message: Automatic video embedding prevented by plugin options. -->\n\n<p>\n\nNo hay atenci\u00f3n por una millonaria deuda p\u00fablica.<\/p>\n\n\n\n<p>El reclamo, de vida o muerte, se da en respuesta a la detenci\u00f3n de los servicios de los centros de di\u00e1lisis a nivel de la Provincia de Buenos Aires, consecuencia de una millonaria deuda p\u00fablica. En b\u00fasqueda de urgente asistencia, pacientes de Campana y Z\u00e1rate lograron hablar con el Secretario de Legal y T\u00e9cnica, miembros del HCD y el Jefe del Hospital Municipal, para poder elevar un pedido a las autoridades bonaerenses.\u00a0<\/p>\n\n\n\n<p>Fuente: Campana Noticias<\/p>\n","protected":false},"excerpt":{"rendered":"<p>No hay atenci\u00f3n por una millonaria deuda p\u00fablica. El reclamo, de vida o muerte, se da en respuesta a la detenci\u00f3n de los servicios de los centros de di\u00e1lisis a nivel de la Provincia de Buenos Aires, consecuencia de una millonaria deuda p\u00fablica. En b\u00fasqueda de urgente asistencia, pacientes de Campana y Z\u00e1rate lograron hablar [&hellip;]<\/p>\n","protected":false},"author":4,"featured_media":67520,"comment_status":"open","ping_status":"closed","sticky":false,"template":"","format":"standard","meta":{"om_disable_all_campaigns":false,"_jetpack_memberships_contains_paid_content":false,"footnotes":""},"categories":[621],"tags":[],"class_list":["post-67519","post","type-post","status-publish","format-standard","has-post-thumbnail","hentry","category-regionales"],"aioseo_notices":[],"gutentor_comment":0,"jetpack_featured_media_url":"https:\/\/eldiariodesanpedro.com.ar\/sitio\/wp-content\/uploads\/2020\/01\/20200122113321.jpg","jetpack_shortlink":"https:\/\/wp.me\/p6RhLt-hz1","jetpack_sharing_enabled":true,"_links":{"self":[{"href":"https:\/\/eldiariodesanpedro.com.ar\/sitio\/wp-json\/wp\/v2\/posts\/67519","targetHints":{"allow":["GET"]}}],"collection":[{"href":"https:\/\/eldiariodesanpedro.com.ar\/sitio\/wp-json\/wp\/v2\/posts"}],"about":[{"href":"https:\/\/eldiariodesanpedro.com.ar\/sitio\/wp-json\/wp\/v2\/types\/post"}],"author":[{"embeddable":true,"href":"https:\/\/eldiariodesanpedro.com.ar\/sitio\/wp-json\/wp\/v2\/users\/4"}],"replies":[{"embeddable":true,"href":"https:\/\/eldiariodesanpedro.com.ar\/sitio\/wp-json\/wp\/v2\/comments?post=67519"}],"version-history":[{"count":1,"href":"https:\/\/eldiariodesanpedro.com.ar\/sitio\/wp-json\/wp\/v2\/posts\/67519\/revisions"}],"predecessor-version":[{"id":67521,"href":"https:\/\/eldiariodesanpedro.com.ar\/sitio\/wp-json\/wp\/v2\/posts\/67519\/revisions\/67521"}],"wp:featuredmedia":[{"embeddable":true,"href":"https:\/\/eldiariodesanpedro.com.ar\/sitio\/wp-json\/wp\/v2\/media\/67520"}],"wp:attachment":[{"href":"https:\/\/eldiariodesanpedro.com.ar\/sitio\/wp-json\/wp\/v2\/media?parent=67519"}],"wp:term":[{"taxonomy":"category","embeddable":true,"href":"https:\/\/eldiariodesanpedro.com.ar\/sitio\/wp-json\/wp\/v2\/categories?post=67519"},{"taxonomy":"post_tag","embeddable":true,"href":"https:\/\/eldiariodesanpedro.com.ar\/sitio\/wp-json\/wp\/v2\/tags?post=67519"}],"curies":[{"name":"wp","href":"https:\/\/api.w.org\/{rel}","templated":true}]}}