{"id":67516,"date":"2020-01-23T10:06:43","date_gmt":"2020-01-23T13:06:43","guid":{"rendered":"https:\/\/eldiariodesanpedro.com.ar\/sitio\/?p=67516"},"modified":"2020-01-23T10:06:49","modified_gmt":"2020-01-23T13:06:49","slug":"escobar-volco-una-ambulancia-en-panamericana","status":"publish","type":"post","link":"https:\/\/eldiariodesanpedro.com.ar\/sitio\/escobar-volco-una-ambulancia-en-panamericana\/","title":{"rendered":"ESCOBAR | Volc\u00f3 una ambulancia en panamericana"},"content":{"rendered":"<!-- VideographyWP Plugin Message: Automatic video embedding prevented by plugin options. -->\n\n<p>\n\nUna ambulancia perdi\u00f3 el control por causas que se desconocen y termin\u00f3 volcando en el kil\u00f3metro 57 de la autopista Panamericana.<\/p>\n\n\n\n<p>Las malas condiciones meteorol\u00f3gicas y el asfalto mojado producto de las fuertes lluvias habr\u00edan sido algunos de los motivos del accidente.<\/p>\n\n\n\n<p>Por lo que trascendi\u00f3 hasta el momento, la ambulancia estar\u00eda viajando vac\u00eda y su conductor solo sufri\u00f3 heridas leves.<\/p>\n","protected":false},"excerpt":{"rendered":"<p>Una ambulancia perdi\u00f3 el control por causas que se desconocen y termin\u00f3 volcando en el kil\u00f3metro 57 de la autopista Panamericana. Las malas condiciones meteorol\u00f3gicas y el asfalto mojado producto de las fuertes lluvias habr\u00edan sido algunos de los motivos del accidente. Por lo que trascendi\u00f3 hasta el momento, la ambulancia estar\u00eda viajando vac\u00eda y [&hellip;]<\/p>\n","protected":false},"author":4,"featured_media":67517,"comment_status":"open","ping_status":"closed","sticky":false,"template":"","format":"standard","meta":{"om_disable_all_campaigns":false,"_jetpack_memberships_contains_paid_content":false,"footnotes":""},"categories":[621],"tags":[],"class_list":["post-67516","post","type-post","status-publish","format-standard","has-post-thumbnail","hentry","category-regionales"],"aioseo_notices":[],"gutentor_comment":0,"jetpack_featured_media_url":"https:\/\/eldiariodesanpedro.com.ar\/sitio\/wp-content\/uploads\/2020\/01\/vuelco-ambulancia-768x576-1.jpg","jetpack_shortlink":"https:\/\/wp.me\/p6RhLt-hyY","jetpack_sharing_enabled":true,"_links":{"self":[{"href":"https:\/\/eldiariodesanpedro.com.ar\/sitio\/wp-json\/wp\/v2\/posts\/67516","targetHints":{"allow":["GET"]}}],"collection":[{"href":"https:\/\/eldiariodesanpedro.com.ar\/sitio\/wp-json\/wp\/v2\/posts"}],"about":[{"href":"https:\/\/eldiariodesanpedro.com.ar\/sitio\/wp-json\/wp\/v2\/types\/post"}],"author":[{"embeddable":true,"href":"https:\/\/eldiariodesanpedro.com.ar\/sitio\/wp-json\/wp\/v2\/users\/4"}],"replies":[{"embeddable":true,"href":"https:\/\/eldiariodesanpedro.com.ar\/sitio\/wp-json\/wp\/v2\/comments?post=67516"}],"version-history":[{"count":1,"href":"https:\/\/eldiariodesanpedro.com.ar\/sitio\/wp-json\/wp\/v2\/posts\/67516\/revisions"}],"predecessor-version":[{"id":67518,"href":"https:\/\/eldiariodesanpedro.com.ar\/sitio\/wp-json\/wp\/v2\/posts\/67516\/revisions\/67518"}],"wp:featuredmedia":[{"embeddable":true,"href":"https:\/\/eldiariodesanpedro.com.ar\/sitio\/wp-json\/wp\/v2\/media\/67517"}],"wp:attachment":[{"href":"https:\/\/eldiariodesanpedro.com.ar\/sitio\/wp-json\/wp\/v2\/media?parent=67516"}],"wp:term":[{"taxonomy":"category","embeddable":true,"href":"https:\/\/eldiariodesanpedro.com.ar\/sitio\/wp-json\/wp\/v2\/categories?post=67516"},{"taxonomy":"post_tag","embeddable":true,"href":"https:\/\/eldiariodesanpedro.com.ar\/sitio\/wp-json\/wp\/v2\/tags?post=67516"}],"curies":[{"name":"wp","href":"https:\/\/api.w.org\/{rel}","templated":true}]}}