{"id":67513,"date":"2020-01-23T10:04:25","date_gmt":"2020-01-23T13:04:25","guid":{"rendered":"https:\/\/eldiariodesanpedro.com.ar\/sitio\/?p=67513"},"modified":"2020-01-23T10:04:31","modified_gmt":"2020-01-23T13:04:31","slug":"san-nicolas-ahora-motomel-denuncio-a-corven-por-fraude-para-comprar-a-zanella-a-precio-vil","status":"publish","type":"post","link":"https:\/\/eldiariodesanpedro.com.ar\/sitio\/san-nicolas-ahora-motomel-denuncio-a-corven-por-fraude-para-comprar-a-zanella-a-precio-vil\/","title":{"rendered":"SAN NICOL\u00c1S | Ahora Motomel denunci\u00f3 a Corven por fraude para comprar a ZAnella a precio vil"},"content":{"rendered":"<!-- VideographyWP Plugin Message: Automatic video embedding prevented by plugin options. -->\n\n<p>El destino de Zanella, una compa\u00f1\u00eda emblem\u00e1tica de la Argentina, con m\u00e1s de 70 a\u00f1os de historia, qued\u00f3 envuelto en una negociaci\u00f3n que bordea lo escandaloso.<\/p>\n\n\n\n<p>Para hacerle frente al pago de deudas, Zanella inici\u00f3 un proceso de solicitud de autorizaci\u00f3n judicial, en el marco del concurso preventivo de acreedores en el que se encuentra la empresa, para proceder a vender la marca y otros activos.<br>\nEl problema es que, por una raz\u00f3n que todav\u00eda nadie explica, Motomel, firma del Grupo La Emilia que se hab\u00eda postulado para comprarla, fue excluida de la negociaci\u00f3n, en un accionar que favoreci\u00f3 a IMSA, firma integrada por Corven Motos, cuyo presidente es Leandro Iraola.<br>\nLo m\u00e1s pol\u00e9mico es que Motomel hab\u00eda hecho una propuesta de compra de casi el doble que la de IMSA. En concreto, ofreci\u00f3 u$s3,6 millones frente a los u$s1,9 millones que hab\u00eda propuesto Leandro Iraola.<br>\nAs\u00ed y todo, dicha oferta no fue tenida en cuenta y Motomel -que ocupa un lugar clave en el mercado argentino, dado que es la segunda marca m\u00e1s importante en venta de motos del pa\u00eds despu\u00e9s de Honda-, qued\u00f3 corrida a un costado. Esta maniobra, plagada de irregularidades, seg\u00fan explican desde Motomel, fren\u00f3 la operaci\u00f3n, a la espera de la finalizaci\u00f3n de la feria judicial.<\/p>\n\n\n\n<p><strong>En la Justicia<br><\/strong> Al momento, Motomel plante\u00f3 la nulidad de lo actuado ante la Justicia, ya que no es una negociaci\u00f3n entre partes, sino que es un proceso de orden p\u00fablico, un concurso, donde no solo est\u00e1n interesados acreedor y deudor.<br> \u00abEl principio de continuidad empresaria nosotros lo hab\u00edamos mantenido. Adem\u00e1s de ofrecer casi el doble de dinero, presentamos la posibilidad de rentar la planta de San Luis, manteniendo los mismos empleados existentes hasta el momento\u00bb, afirma el apoderado de Motomel.<br> Consultado sobre las maniobras que se ocultan detr\u00e1s de los beneficios para Corven Motos, el letrado afirma: \u00abNo s\u00e9 qu\u00e9 hay detr\u00e1s del acuerdo, pero obvio que hay otra negociaci\u00f3n, porque es inexplicable que una empresa que est\u00e1 en una situaci\u00f3n compleja, desde hace a\u00f1os en concurso, y con mucha deuda post concursal, acepte la mitad de lo que se pretende por su venta, cuando con el doble podr\u00eda enfrentar la deuda de mejor manera\u00bb.<\/p>\n","protected":false},"excerpt":{"rendered":"<p>El destino de Zanella, una compa\u00f1\u00eda emblem\u00e1tica de la Argentina, con m\u00e1s de 70 a\u00f1os de historia, qued\u00f3 envuelto en una negociaci\u00f3n que bordea lo escandaloso. Para hacerle frente al pago de deudas, Zanella inici\u00f3 un proceso de solicitud de autorizaci\u00f3n judicial, en el marco del concurso preventivo de acreedores en el que se encuentra [&hellip;]<\/p>\n","protected":false},"author":4,"featured_media":67514,"comment_status":"open","ping_status":"closed","sticky":false,"template":"","format":"standard","meta":{"om_disable_all_campaigns":false,"_jetpack_memberships_contains_paid_content":false,"footnotes":""},"categories":[621],"tags":[],"class_list":["post-67513","post","type-post","status-publish","format-standard","has-post-thumbnail","hentry","category-regionales"],"aioseo_notices":[],"gutentor_comment":0,"jetpack_featured_media_url":"https:\/\/eldiariodesanpedro.com.ar\/sitio\/wp-content\/uploads\/2020\/01\/0-9.jpg","jetpack_shortlink":"https:\/\/wp.me\/p6RhLt-hyV","jetpack_sharing_enabled":true,"_links":{"self":[{"href":"https:\/\/eldiariodesanpedro.com.ar\/sitio\/wp-json\/wp\/v2\/posts\/67513","targetHints":{"allow":["GET"]}}],"collection":[{"href":"https:\/\/eldiariodesanpedro.com.ar\/sitio\/wp-json\/wp\/v2\/posts"}],"about":[{"href":"https:\/\/eldiariodesanpedro.com.ar\/sitio\/wp-json\/wp\/v2\/types\/post"}],"author":[{"embeddable":true,"href":"https:\/\/eldiariodesanpedro.com.ar\/sitio\/wp-json\/wp\/v2\/users\/4"}],"replies":[{"embeddable":true,"href":"https:\/\/eldiariodesanpedro.com.ar\/sitio\/wp-json\/wp\/v2\/comments?post=67513"}],"version-history":[{"count":1,"href":"https:\/\/eldiariodesanpedro.com.ar\/sitio\/wp-json\/wp\/v2\/posts\/67513\/revisions"}],"predecessor-version":[{"id":67515,"href":"https:\/\/eldiariodesanpedro.com.ar\/sitio\/wp-json\/wp\/v2\/posts\/67513\/revisions\/67515"}],"wp:featuredmedia":[{"embeddable":true,"href":"https:\/\/eldiariodesanpedro.com.ar\/sitio\/wp-json\/wp\/v2\/media\/67514"}],"wp:attachment":[{"href":"https:\/\/eldiariodesanpedro.com.ar\/sitio\/wp-json\/wp\/v2\/media?parent=67513"}],"wp:term":[{"taxonomy":"category","embeddable":true,"href":"https:\/\/eldiariodesanpedro.com.ar\/sitio\/wp-json\/wp\/v2\/categories?post=67513"},{"taxonomy":"post_tag","embeddable":true,"href":"https:\/\/eldiariodesanpedro.com.ar\/sitio\/wp-json\/wp\/v2\/tags?post=67513"}],"curies":[{"name":"wp","href":"https:\/\/api.w.org\/{rel}","templated":true}]}}