{"id":67510,"date":"2020-01-23T10:01:19","date_gmt":"2020-01-23T13:01:19","guid":{"rendered":"https:\/\/eldiariodesanpedro.com.ar\/sitio\/?p=67510"},"modified":"2020-01-23T10:01:20","modified_gmt":"2020-01-23T13:01:20","slug":"san-nicolas-arrestaron-a-un-sujeto-acusado-de-explotacion-sexual","status":"publish","type":"post","link":"https:\/\/eldiariodesanpedro.com.ar\/sitio\/san-nicolas-arrestaron-a-un-sujeto-acusado-de-explotacion-sexual\/","title":{"rendered":"SAN NICOL\u00c1S | Arrestaron a un sujeto acusado de explotaci\u00f3n sexual"},"content":{"rendered":"<!-- VideographyWP Plugin Message: Automatic video embedding prevented by plugin options. -->\n\n<p>\n\nUn hombre de 77 a\u00f1os, de apellido Gimenez, pose\u00eda pedido de captura activo en el marco de una causa por \u00abExplotaci\u00f3n a la Prostituci\u00f3n\u00bb en la que tiene injerencia el Juzgado de Ejecuci\u00f3n Penal.<\/p>\n\n\n\n<p>El sujeto fue divisado en calle Am\u00e9rica y Olleros y aprehendido por personal del Comando de Patrullas.<\/p>\n\n\n\n<p>En virtud de que el Gim\u00e9nez sufri\u00f3 recientemente un ACV, el juzgado interviniente dispuso que sea notificado sobre su detenci\u00f3n y que permanezca en su domicilio, sin custodia, siendo elevadas las actuaciones a la brevedad.\n\n<\/p>\n","protected":false},"excerpt":{"rendered":"<p>Un hombre de 77 a\u00f1os, de apellido Gimenez, pose\u00eda pedido de captura activo en el marco de una causa por \u00abExplotaci\u00f3n a la Prostituci\u00f3n\u00bb en la que tiene injerencia el Juzgado de Ejecuci\u00f3n Penal. El sujeto fue divisado en calle Am\u00e9rica y Olleros y aprehendido por personal del Comando de Patrullas. En virtud de que [&hellip;]<\/p>\n","protected":false},"author":4,"featured_media":67511,"comment_status":"open","ping_status":"closed","sticky":false,"template":"","format":"standard","meta":{"om_disable_all_campaigns":false,"_jetpack_memberships_contains_paid_content":false,"footnotes":""},"categories":[621],"tags":[],"class_list":["post-67510","post","type-post","status-publish","format-standard","has-post-thumbnail","hentry","category-regionales"],"aioseo_notices":[],"gutentor_comment":0,"jetpack_featured_media_url":"https:\/\/eldiariodesanpedro.com.ar\/sitio\/wp-content\/uploads\/2020\/01\/conmarca24296.jpg","jetpack_shortlink":"https:\/\/wp.me\/p6RhLt-hyS","jetpack_sharing_enabled":true,"_links":{"self":[{"href":"https:\/\/eldiariodesanpedro.com.ar\/sitio\/wp-json\/wp\/v2\/posts\/67510","targetHints":{"allow":["GET"]}}],"collection":[{"href":"https:\/\/eldiariodesanpedro.com.ar\/sitio\/wp-json\/wp\/v2\/posts"}],"about":[{"href":"https:\/\/eldiariodesanpedro.com.ar\/sitio\/wp-json\/wp\/v2\/types\/post"}],"author":[{"embeddable":true,"href":"https:\/\/eldiariodesanpedro.com.ar\/sitio\/wp-json\/wp\/v2\/users\/4"}],"replies":[{"embeddable":true,"href":"https:\/\/eldiariodesanpedro.com.ar\/sitio\/wp-json\/wp\/v2\/comments?post=67510"}],"version-history":[{"count":1,"href":"https:\/\/eldiariodesanpedro.com.ar\/sitio\/wp-json\/wp\/v2\/posts\/67510\/revisions"}],"predecessor-version":[{"id":67512,"href":"https:\/\/eldiariodesanpedro.com.ar\/sitio\/wp-json\/wp\/v2\/posts\/67510\/revisions\/67512"}],"wp:featuredmedia":[{"embeddable":true,"href":"https:\/\/eldiariodesanpedro.com.ar\/sitio\/wp-json\/wp\/v2\/media\/67511"}],"wp:attachment":[{"href":"https:\/\/eldiariodesanpedro.com.ar\/sitio\/wp-json\/wp\/v2\/media?parent=67510"}],"wp:term":[{"taxonomy":"category","embeddable":true,"href":"https:\/\/eldiariodesanpedro.com.ar\/sitio\/wp-json\/wp\/v2\/categories?post=67510"},{"taxonomy":"post_tag","embeddable":true,"href":"https:\/\/eldiariodesanpedro.com.ar\/sitio\/wp-json\/wp\/v2\/tags?post=67510"}],"curies":[{"name":"wp","href":"https:\/\/api.w.org\/{rel}","templated":true}]}}