{"id":67507,"date":"2020-01-23T10:00:03","date_gmt":"2020-01-23T13:00:03","guid":{"rendered":"https:\/\/eldiariodesanpedro.com.ar\/sitio\/?p=67507"},"modified":"2020-01-23T10:00:03","modified_gmt":"2020-01-23T13:00:03","slug":"zarate-febrero-de-carnaval-en-lima","status":"publish","type":"post","link":"https:\/\/eldiariodesanpedro.com.ar\/sitio\/zarate-febrero-de-carnaval-en-lima\/","title":{"rendered":"Z\u00c1RATE | Febrero de Carnaval en Lima"},"content":{"rendered":"<!-- VideographyWP Plugin Message: Automatic video embedding prevented by plugin options. -->\n\n<p>Vuelve la alegr\u00eda del Carnaval a Lima, el Rey Momo asienta su reino en la localidad, los pr\u00f3ximos 8. 9, 15 y 16 de febrero, teniendo como anfitriones a las Comparsas Lime\u00f1a Show y Arco Iris.<\/p>\n\n\n\n<p>Lima vuelve a ser epicentro de la fiesta de carnaval 2020, durante dos fines de semana vivir\u00e1n la magia de Rey Momo de la mano de las Comparsas Lime\u00f1a Show y Arco Iris, adem\u00e1s de invitados especiales y m\u00fasica en el escenario.<\/p>\n\n\n\n<p><strong>\u00a1\u00a1\u00a1No te lo pierdas!!!!<\/strong>\u00a0menores de 12 a\u00f1os, entrada gratis.<\/p>\n\n\n\n<p>Fuente: Enlace Critico<\/p>\n","protected":false},"excerpt":{"rendered":"<p>Vuelve la alegr\u00eda del Carnaval a Lima, el Rey Momo asienta su reino en la localidad, los pr\u00f3ximos 8. 9, 15 y 16 de febrero, teniendo como anfitriones a las Comparsas Lime\u00f1a Show y Arco Iris. Lima vuelve a ser epicentro de la fiesta de carnaval 2020, durante dos fines de semana vivir\u00e1n la magia [&hellip;]<\/p>\n","protected":false},"author":4,"featured_media":67508,"comment_status":"open","ping_status":"closed","sticky":false,"template":"","format":"standard","meta":{"om_disable_all_campaigns":false,"_jetpack_memberships_contains_paid_content":false,"footnotes":""},"categories":[621],"tags":[],"class_list":["post-67507","post","type-post","status-publish","format-standard","has-post-thumbnail","hentry","category-regionales"],"aioseo_notices":[],"gutentor_comment":0,"jetpack_featured_media_url":"https:\/\/eldiariodesanpedro.com.ar\/sitio\/wp-content\/uploads\/2020\/01\/e4532a23-f383-4fa8-bf90-c6071e414eab.jpg","jetpack_shortlink":"https:\/\/wp.me\/p6RhLt-hyP","jetpack_sharing_enabled":true,"_links":{"self":[{"href":"https:\/\/eldiariodesanpedro.com.ar\/sitio\/wp-json\/wp\/v2\/posts\/67507","targetHints":{"allow":["GET"]}}],"collection":[{"href":"https:\/\/eldiariodesanpedro.com.ar\/sitio\/wp-json\/wp\/v2\/posts"}],"about":[{"href":"https:\/\/eldiariodesanpedro.com.ar\/sitio\/wp-json\/wp\/v2\/types\/post"}],"author":[{"embeddable":true,"href":"https:\/\/eldiariodesanpedro.com.ar\/sitio\/wp-json\/wp\/v2\/users\/4"}],"replies":[{"embeddable":true,"href":"https:\/\/eldiariodesanpedro.com.ar\/sitio\/wp-json\/wp\/v2\/comments?post=67507"}],"version-history":[{"count":1,"href":"https:\/\/eldiariodesanpedro.com.ar\/sitio\/wp-json\/wp\/v2\/posts\/67507\/revisions"}],"predecessor-version":[{"id":67509,"href":"https:\/\/eldiariodesanpedro.com.ar\/sitio\/wp-json\/wp\/v2\/posts\/67507\/revisions\/67509"}],"wp:featuredmedia":[{"embeddable":true,"href":"https:\/\/eldiariodesanpedro.com.ar\/sitio\/wp-json\/wp\/v2\/media\/67508"}],"wp:attachment":[{"href":"https:\/\/eldiariodesanpedro.com.ar\/sitio\/wp-json\/wp\/v2\/media?parent=67507"}],"wp:term":[{"taxonomy":"category","embeddable":true,"href":"https:\/\/eldiariodesanpedro.com.ar\/sitio\/wp-json\/wp\/v2\/categories?post=67507"},{"taxonomy":"post_tag","embeddable":true,"href":"https:\/\/eldiariodesanpedro.com.ar\/sitio\/wp-json\/wp\/v2\/tags?post=67507"}],"curies":[{"name":"wp","href":"https:\/\/api.w.org\/{rel}","templated":true}]}}