{"id":67504,"date":"2020-01-23T09:54:37","date_gmt":"2020-01-23T12:54:37","guid":{"rendered":"https:\/\/eldiariodesanpedro.com.ar\/sitio\/?p=67504"},"modified":"2020-01-23T09:54:42","modified_gmt":"2020-01-23T12:54:42","slug":"pergamino-confirmaron-un-caso-de-dengue","status":"publish","type":"post","link":"https:\/\/eldiariodesanpedro.com.ar\/sitio\/pergamino-confirmaron-un-caso-de-dengue\/","title":{"rendered":"PERGAMINO | Confirmaron un caso de dengue"},"content":{"rendered":"<!-- VideographyWP Plugin Message: Automatic video embedding prevented by plugin options. -->\n\n<p><strong>Una joven de 28 a\u00f1os volvi\u00f3 de un viaje a Paraguay afectada con Dengue y est\u00e1 desarrollando un tratamiento ambulatorio de la enfermedad.<\/strong><\/p>\n\n\n\n<p>La m\u00e9dica epidemi\u00f3loga de la Regi\u00f3n Sanitaria Carina Bonacalza dialog\u00f3 con el noticiero de Cablevisi\u00f3n de Pergamino: \u201cSe confirma un caso de dengue positivo. Se trata de un cero tipo de Dengue 4. Es importado porque la paciente viaj\u00f3 a Paraguay y lo trajo de ese pa\u00eds. El caso fue confirmado el viernes; donde hizo la consulta en forma ambulatoria a la guardia con s\u00edntomas compatibles al dengue. La paciente tiene 28 a\u00f1os e hizo referencia a sus sospechas por tener dengue ya que hab\u00eda estado con familiares afectados por esa enfermedad\u201d.<\/p>\n\n\n\n<p>El protocolo de actuaci\u00f3n se activ\u00f3 desde la cl\u00ednica privada donde la atendieron al darle aviso a los centros p\u00fablicos de intervenci\u00f3n. Desde el \u00e1rea de la Regi\u00f3n Sanitaria Cuarta registramos el caso en el \u00e1rea de epidemiolog\u00eda para alertar al Municipio para que haga el control de foco donde vive la paciente. Hemos tomado la muestra correspondiente para que la analizaran en el Instituto Maiztegui para tener un resultado veraz. Todos esos procedimientos se sincronizaron muy r\u00e1pidos. Afortunadamente desde el \u00e1rea de Saneamiento Ambiental de la Municipalidad intervinieron en el espacio de residencia de la paciente que es en una zona urbana que no es densamente poblada y hay distancias entre las viviendas. Es un sector residencial con mucho descampado que estaba limpio\u201d.<\/p>\n\n\n\n<p>\u201cLa muestra la recibimos el viernes a la ma\u00f1ana y por la tarde obtuvimos el resultado desde el Instituto Maiztegui\u201d.<\/p>\n\n\n\n<p>\u201cLa paciente siempre hizo consultas m\u00e9dicas ambulatorias y nunca permaneci\u00f3 internada. Los s\u00edntomas que evidenciaban la patolog\u00eda de Dengue: fiebre alta; n\u00e1useas y v\u00f3mitos; erupci\u00f3n en la piel; sangre en las enc\u00edas y en la nariz; debilidad general; dolor muscular y articular; tos y dolor de garganta. Ella misma ten\u00eda la sospecha al hacer la consulta. Entre las personas que conviven con ella no se detectaron s\u00edntomas de cuadros febriles compatibles con Dengue\u201d.<\/p>\n\n\n\n<p>\u201cLos integrantes de la comunidad ante estos s\u00edntomas no deben tomar aspirinas; sino paracetamol y otras medidas que siempre lo recomendable es consultar al sistema p\u00fablico de salud\u201d.<\/p>\n\n\n\n<p>\u201cLos distintos centros de salud deben estar alerta en verano porque se realiza el movimiento de personas por los viajes de vacaciones y eso genera movimiento de flujo que puede repercutir en el traslado de la enfermedad\u201d.<\/p>\n\n\n\n<p>La epidemi\u00f3loga afirm\u00f3 que a lo largo del a\u00f1o y en los \u00faltimos meses se han analizado los mosquitos que est\u00e1n presentes en la regi\u00f3n y \u201cno hay insectos con el virus en la zona. El virus es importado de un pa\u00eds donde hab\u00eda endemia\u201d.<\/p>\n\n\n\n<p>El otro caso m\u00e1s cercano de Dengue 4 en la provincia de Buenos Aires se detect\u00f3 en la zona oeste del Gran Buenos Aires, en Moreno. \u201cEstamos preparados para saber como actuar e intervenir en estos casos\u201d.<\/p>\n\n\n\n<p>\u201cLa prevenci\u00f3n y la precauci\u00f3n que hay que tener tiene que ver con el saneamiento; el descacharriado en los alrededores de las viviendas; el saneamiento de las zanjas donde queda estancada el agua y en los almacenamientos de agua donde los mosquitos puedan poner las larvas. Se deben dejar vac\u00edos los baldes; cambiar el agua de los floreros permanentemente; mantener las puertas y ventanas cerradas con mosquiteros\u201d.<\/p>\n\n\n\n<p>Fuente: Semanario del Tiempo<\/p>\n","protected":false},"excerpt":{"rendered":"<p>Una joven de 28 a\u00f1os volvi\u00f3 de un viaje a Paraguay afectada con Dengue y est\u00e1 desarrollando un tratamiento ambulatorio de la enfermedad. La m\u00e9dica epidemi\u00f3loga de la Regi\u00f3n Sanitaria Carina Bonacalza dialog\u00f3 con el noticiero de Cablevisi\u00f3n de Pergamino: \u201cSe confirma un caso de dengue positivo. Se trata de un cero tipo de Dengue [&hellip;]<\/p>\n","protected":false},"author":4,"featured_media":67505,"comment_status":"open","ping_status":"closed","sticky":false,"template":"","format":"standard","meta":{"om_disable_all_campaigns":false,"_jetpack_memberships_contains_paid_content":false,"footnotes":""},"categories":[621],"tags":[],"class_list":["post-67504","post","type-post","status-publish","format-standard","has-post-thumbnail","hentry","category-regionales"],"aioseo_notices":[],"gutentor_comment":0,"jetpack_featured_media_url":"https:\/\/eldiariodesanpedro.com.ar\/sitio\/wp-content\/uploads\/2020\/01\/mosquito-dengue-718x510-1.jpg","jetpack_shortlink":"https:\/\/wp.me\/p6RhLt-hyM","jetpack_sharing_enabled":true,"_links":{"self":[{"href":"https:\/\/eldiariodesanpedro.com.ar\/sitio\/wp-json\/wp\/v2\/posts\/67504","targetHints":{"allow":["GET"]}}],"collection":[{"href":"https:\/\/eldiariodesanpedro.com.ar\/sitio\/wp-json\/wp\/v2\/posts"}],"about":[{"href":"https:\/\/eldiariodesanpedro.com.ar\/sitio\/wp-json\/wp\/v2\/types\/post"}],"author":[{"embeddable":true,"href":"https:\/\/eldiariodesanpedro.com.ar\/sitio\/wp-json\/wp\/v2\/users\/4"}],"replies":[{"embeddable":true,"href":"https:\/\/eldiariodesanpedro.com.ar\/sitio\/wp-json\/wp\/v2\/comments?post=67504"}],"version-history":[{"count":1,"href":"https:\/\/eldiariodesanpedro.com.ar\/sitio\/wp-json\/wp\/v2\/posts\/67504\/revisions"}],"predecessor-version":[{"id":67506,"href":"https:\/\/eldiariodesanpedro.com.ar\/sitio\/wp-json\/wp\/v2\/posts\/67504\/revisions\/67506"}],"wp:featuredmedia":[{"embeddable":true,"href":"https:\/\/eldiariodesanpedro.com.ar\/sitio\/wp-json\/wp\/v2\/media\/67505"}],"wp:attachment":[{"href":"https:\/\/eldiariodesanpedro.com.ar\/sitio\/wp-json\/wp\/v2\/media?parent=67504"}],"wp:term":[{"taxonomy":"category","embeddable":true,"href":"https:\/\/eldiariodesanpedro.com.ar\/sitio\/wp-json\/wp\/v2\/categories?post=67504"},{"taxonomy":"post_tag","embeddable":true,"href":"https:\/\/eldiariodesanpedro.com.ar\/sitio\/wp-json\/wp\/v2\/tags?post=67504"}],"curies":[{"name":"wp","href":"https:\/\/api.w.org\/{rel}","templated":true}]}}