{"id":67501,"date":"2020-01-23T09:53:26","date_gmt":"2020-01-23T12:53:26","guid":{"rendered":"https:\/\/eldiariodesanpedro.com.ar\/sitio\/?p=67501"},"modified":"2020-01-23T09:53:27","modified_gmt":"2020-01-23T12:53:27","slug":"arrecifes-comerciantes-de-ruta-8-se-reunieron-con-concejales","status":"publish","type":"post","link":"https:\/\/eldiariodesanpedro.com.ar\/sitio\/arrecifes-comerciantes-de-ruta-8-se-reunieron-con-concejales\/","title":{"rendered":"ARRECIFES | Comerciantes de ruta 8 se reunieron con concejales"},"content":{"rendered":"<!-- VideographyWP Plugin Message: Automatic video embedding prevented by plugin options. -->\n\n<p>Representantes de comerciantes y empresarios de ruta 8 visitaron esta ma\u00f1ana el Concejo Deliberante con motivo de la nota presentada ante esa entidad y ante la Municipalidad de Arrecifes sobre los perjuicios que les causa la inauguraci\u00f3n de la variante de la autopista que \u201cdeja afuera\u201d a nuestra ciudad.<\/p>\n\n\n\n<p>El reclamo de este sector no es por la autopista en s\u00ed sino por la forma incompleta en que se habilit\u00f3: sin bajadas, sin se\u00f1alizaciones correctas y sin darles a los automovilistas que llegan del lado de Buenos Aires la posibilidad de continuar (si as\u00ed lo deciden) por la traza original de la ruta 8.<\/p>\n\n\n\n<p>Las ca\u00eddas de ventas de los comerciantes ubicados sobre la ruta ronda aproximadamente el 50% promedio, lo que pone enserias dificultades sus econom\u00edas; aparte del dinero que deja de ingresar a Arrecifes, aportado por gente de otras ciudades.<\/p>\n\n\n\n<p>El presidente del Concejo, Paqui B\u00f3veda, y el presidente del bloque de Juntos por el Cambio, Mart\u00edn Reddy, recibieron a los representantes del grupo de empresarios de ruta 8: Tito Pernicone (Manufactura Arrecifes), Cristian Fern\u00e1ndez (La Espiga de Oro) y Robertino Molinari (Star Jeans), quienes concurrieron acompa\u00f1ados por el presidente de la C\u00e1mara de Comercio e Industria, Ricardo Zerda.<\/p>\n\n\n\n<p>Se acord\u00f3 iniciar gestiones para reunirse con autoridades de Vialidad Nacional y tomar contacto con responsables de la empresa ejecutora de la autopista para conocer los plazos de finalizaci\u00f3n de la obra y ver c\u00f3mo pueden colaborar para que ese importante sector comercial de Arrecifes no quede aislado.<\/p>\n\n\n\n<p>Fuente: Arrecifes Noticias<\/p>\n","protected":false},"excerpt":{"rendered":"<p>Representantes de comerciantes y empresarios de ruta 8 visitaron esta ma\u00f1ana el Concejo Deliberante con motivo de la nota presentada ante esa entidad y ante la Municipalidad de Arrecifes sobre los perjuicios que les causa la inauguraci\u00f3n de la variante de la autopista que \u201cdeja afuera\u201d a nuestra ciudad. El reclamo de este sector no [&hellip;]<\/p>\n","protected":false},"author":4,"featured_media":67502,"comment_status":"open","ping_status":"closed","sticky":false,"template":"","format":"standard","meta":{"om_disable_all_campaigns":false,"_jetpack_memberships_contains_paid_content":false,"footnotes":""},"categories":[621],"tags":[],"class_list":["post-67501","post","type-post","status-publish","format-standard","has-post-thumbnail","hentry","category-regionales"],"aioseo_notices":[],"gutentor_comment":0,"jetpack_featured_media_url":"https:\/\/eldiariodesanpedro.com.ar\/sitio\/wp-content\/uploads\/2020\/01\/Autopista-Pilar-Pergamino-753x510-1.jpg","jetpack_shortlink":"https:\/\/wp.me\/p6RhLt-hyJ","jetpack_sharing_enabled":true,"_links":{"self":[{"href":"https:\/\/eldiariodesanpedro.com.ar\/sitio\/wp-json\/wp\/v2\/posts\/67501","targetHints":{"allow":["GET"]}}],"collection":[{"href":"https:\/\/eldiariodesanpedro.com.ar\/sitio\/wp-json\/wp\/v2\/posts"}],"about":[{"href":"https:\/\/eldiariodesanpedro.com.ar\/sitio\/wp-json\/wp\/v2\/types\/post"}],"author":[{"embeddable":true,"href":"https:\/\/eldiariodesanpedro.com.ar\/sitio\/wp-json\/wp\/v2\/users\/4"}],"replies":[{"embeddable":true,"href":"https:\/\/eldiariodesanpedro.com.ar\/sitio\/wp-json\/wp\/v2\/comments?post=67501"}],"version-history":[{"count":1,"href":"https:\/\/eldiariodesanpedro.com.ar\/sitio\/wp-json\/wp\/v2\/posts\/67501\/revisions"}],"predecessor-version":[{"id":67503,"href":"https:\/\/eldiariodesanpedro.com.ar\/sitio\/wp-json\/wp\/v2\/posts\/67501\/revisions\/67503"}],"wp:featuredmedia":[{"embeddable":true,"href":"https:\/\/eldiariodesanpedro.com.ar\/sitio\/wp-json\/wp\/v2\/media\/67502"}],"wp:attachment":[{"href":"https:\/\/eldiariodesanpedro.com.ar\/sitio\/wp-json\/wp\/v2\/media?parent=67501"}],"wp:term":[{"taxonomy":"category","embeddable":true,"href":"https:\/\/eldiariodesanpedro.com.ar\/sitio\/wp-json\/wp\/v2\/categories?post=67501"},{"taxonomy":"post_tag","embeddable":true,"href":"https:\/\/eldiariodesanpedro.com.ar\/sitio\/wp-json\/wp\/v2\/tags?post=67501"}],"curies":[{"name":"wp","href":"https:\/\/api.w.org\/{rel}","templated":true}]}}