{"id":67497,"date":"2020-01-23T09:52:02","date_gmt":"2020-01-23T12:52:02","guid":{"rendered":"https:\/\/eldiariodesanpedro.com.ar\/sitio\/?p=67497"},"modified":"2020-01-23T09:52:07","modified_gmt":"2020-01-23T12:52:07","slug":"baradero-hablo-la-mama-de-la-victima-que-fue-rociada-con-nafta-junto-a-su-bebe-de-4-meses","status":"publish","type":"post","link":"https:\/\/eldiariodesanpedro.com.ar\/sitio\/baradero-hablo-la-mama-de-la-victima-que-fue-rociada-con-nafta-junto-a-su-bebe-de-4-meses\/","title":{"rendered":"BARADERO | Habl\u00f3 la mama de la victima que fue rociada con nafta junto a su beb\u00e9 de 4 meses"},"content":{"rendered":"<!-- VideographyWP Plugin Message: Automatic video embedding prevented by plugin options. -->\n\n<p>Carolina es la mam\u00e1 de la victima y mantuvo un dialogo con este medio contando su testimonio de los hechos.<\/p>\n\n\n\n<p><strong>\u201cEstaban durmiendo la siesta, porque estaba lloviendo, y no se que pas\u00f3 que se levanto alterado e hizo lo que hizo\u201d<\/strong><\/p>\n\n\n\n<p>Al ser consultada por si hab\u00eda alg\u00fan antecedente dijo que&nbsp;<strong>\u201cdiscusiones como todos, pero nunca ejerci\u00f3 violencia sobre ella\u201d<\/strong><\/p>\n\n\n\n<p>La pareja se encontraba cuidando un campo, vivian ahi tras buscar formar su familia.<\/p>\n\n\n\n<p><strong>\u201cYo me entere porque me aviso mi hijo, siempre que sale de trabajar la visita, lleg\u00f3 y crey\u00f3 que era solo una discusi\u00f3n, luego vio que este sujet\u00f3 golpeo en la cara a mi hija, y escucho que mi hija dijo \u2018no Hernan, no hagas eso, porque no es tu casa\u2019 y sinti\u00f3 el olor a nafta, en ese momento salio corriendo con el beb\u00e9 para afuera\u201d<\/strong>&nbsp;cont\u00f3 la madre mientras se quebraba al desarrollar el cruento relato.<\/p>\n\n\n\n<p><strong>\u201cQuiero agradecer a los doctores, a la polic\u00eda, a mi hijo, a mi pareja, a los vecinos que ayudaron en el momento, porque gracias a ellos mi hija esta bien\u201d<\/strong><\/p>\n\n\n\n<p>Al respecto del agresor dijo no conocer su paradero, aunque afirmo que el dia de ayer se presento a trabajar como si nada hubiera pasado, adem\u00e1s de que trabaja en el mismo lugar que la familia de Carolina.<\/p>\n\n\n\n<p><strong>\u201cTengo miedo por mi hija, cuando ella se fue a la casa del vecino, el le dijo a mi hijo \u2018esto no es con tu mam\u00e1 ni con vos, pero si encuentro a tu hermana la voy a matar mientras sosten\u00eda una navaja\u201d<\/strong><\/p>\n\n\n\n<p><strong>\u201cCuando pasan estas cosas denuncien, por favor, se que no es f\u00e1cil, pero denuncien, la contenci\u00f3n de la polic\u00eda de la mujer esta en todo tiempo, denuncien no se queden calladas porque hay mucha gente que quiere ayudar\u201d\u00a0<\/strong>dijo la mam\u00e1.<\/p>\n\n\n\n<p>Fuente: Tu Linea Directa<\/p>\n","protected":false},"excerpt":{"rendered":"<p>Carolina es la mam\u00e1 de la victima y mantuvo un dialogo con este medio contando su testimonio de los hechos. \u201cEstaban durmiendo la siesta, porque estaba lloviendo, y no se que pas\u00f3 que se levanto alterado e hizo lo que hizo\u201d Al ser consultada por si hab\u00eda alg\u00fan antecedente dijo que&nbsp;\u201cdiscusiones como todos, pero nunca [&hellip;]<\/p>\n","protected":false},"author":4,"featured_media":67499,"comment_status":"open","ping_status":"closed","sticky":false,"template":"","format":"standard","meta":{"om_disable_all_campaigns":false,"_jetpack_memberships_contains_paid_content":false,"footnotes":""},"categories":[621],"tags":[],"class_list":["post-67497","post","type-post","status-publish","format-standard","has-post-thumbnail","hentry","category-regionales"],"aioseo_notices":[],"gutentor_comment":0,"jetpack_featured_media_url":"https:\/\/eldiariodesanpedro.com.ar\/sitio\/wp-content\/uploads\/2020\/01\/fuego.jpg","jetpack_shortlink":"https:\/\/wp.me\/p6RhLt-hyF","jetpack_sharing_enabled":true,"_links":{"self":[{"href":"https:\/\/eldiariodesanpedro.com.ar\/sitio\/wp-json\/wp\/v2\/posts\/67497","targetHints":{"allow":["GET"]}}],"collection":[{"href":"https:\/\/eldiariodesanpedro.com.ar\/sitio\/wp-json\/wp\/v2\/posts"}],"about":[{"href":"https:\/\/eldiariodesanpedro.com.ar\/sitio\/wp-json\/wp\/v2\/types\/post"}],"author":[{"embeddable":true,"href":"https:\/\/eldiariodesanpedro.com.ar\/sitio\/wp-json\/wp\/v2\/users\/4"}],"replies":[{"embeddable":true,"href":"https:\/\/eldiariodesanpedro.com.ar\/sitio\/wp-json\/wp\/v2\/comments?post=67497"}],"version-history":[{"count":1,"href":"https:\/\/eldiariodesanpedro.com.ar\/sitio\/wp-json\/wp\/v2\/posts\/67497\/revisions"}],"predecessor-version":[{"id":67500,"href":"https:\/\/eldiariodesanpedro.com.ar\/sitio\/wp-json\/wp\/v2\/posts\/67497\/revisions\/67500"}],"wp:featuredmedia":[{"embeddable":true,"href":"https:\/\/eldiariodesanpedro.com.ar\/sitio\/wp-json\/wp\/v2\/media\/67499"}],"wp:attachment":[{"href":"https:\/\/eldiariodesanpedro.com.ar\/sitio\/wp-json\/wp\/v2\/media?parent=67497"}],"wp:term":[{"taxonomy":"category","embeddable":true,"href":"https:\/\/eldiariodesanpedro.com.ar\/sitio\/wp-json\/wp\/v2\/categories?post=67497"},{"taxonomy":"post_tag","embeddable":true,"href":"https:\/\/eldiariodesanpedro.com.ar\/sitio\/wp-json\/wp\/v2\/tags?post=67497"}],"curies":[{"name":"wp","href":"https:\/\/api.w.org\/{rel}","templated":true}]}}