{"id":67494,"date":"2020-01-23T09:44:55","date_gmt":"2020-01-23T12:44:55","guid":{"rendered":"https:\/\/eldiariodesanpedro.com.ar\/sitio\/?p=67494"},"modified":"2020-01-23T09:45:01","modified_gmt":"2020-01-23T12:45:01","slug":"calendario-impositivo-2020-valores-2020-del-area-de-comercio","status":"publish","type":"post","link":"https:\/\/eldiariodesanpedro.com.ar\/sitio\/calendario-impositivo-2020-valores-2020-del-area-de-comercio\/","title":{"rendered":"Calendario Impositivo 2020: Valores 2020 del \u00e1rea de Comercio"},"content":{"rendered":"<!-- VideographyWP Plugin Message: Automatic video embedding prevented by plugin options. -->\n\n<p>\n\nLa Direcci\u00f3n de Rentas informa a los contribuyentes los nuevos valores para el a\u00f1o 2020 de los diferentes tr\u00e1mites:<br>*Pago sellado ingreso de tr\u00e1mites: $222<br>*Baja de comercio: $ 1150<br>*Habilitaci\u00f3n sin local comercial: $ 1150<br>*Pago de Tasa por Habilitaci\u00f3n Comercial: $2834.00 (se abona la mitad 50 % de la tasa $1417 hasta el 30 de junio 2020)<br>*Cambio de domicilio: $1700<br>*Cambio\/Ampliaci\u00f3n de rubro: $ 1700<br>*Cambio de Raz\u00f3n Social: $2834.00 (se abona la mitad &nbsp;50 % de la tasa $1417 hasta el 30 de junio 2020)<\/p>\n\n\n\n<p>-Confiter\u00eda bailable y similar: $111.200,00 (Tasa para habilitaci\u00f3n)<br>-Pubs, restaurante, bares, parrillas, salones de fiestas, caf\u00e9 concert, canto bar, pe\u00f1a folkl\u00f3rica y similares:<br>*Sin show: $ 11.337,00 (se abona la mitad &nbsp;50 % de la tasa $5668,50 hasta el 30 de junio 2020)<br>*Con show: $22.665,00 (se abona la mitad &nbsp;50 % de la tasa $11332,50 hasta el 30 de junio 2020)<\/p>\n\n\n\n<p>Adem\u00e1s, sigue en vigencia el tr\u00e1mite de Habilitaci\u00f3n Comercial Simple (tramitaci\u00f3n electr\u00f3nica) el cual es sin cargo.<\/p>\n\n\n\n<p>Decreto 0009-2020<\/p>\n\n\n\n<p>Por otro lado, informamos a los contribuyentes que se encuentra vigente el Decreto 0009-2020 con las siguientes bonificaciones:<br>*Descuento del 15% sobre cada una de las cuotas correspondientes a las tasas de Servicios Sanitarios, Alumbrado Barrido, Recolecci\u00f3n de Residuos y Conservaci\u00f3n de la V\u00eda P\u00fablica y Red Vial.<br>*Descuento del 10% por pago de contado anual, al momento de producirse el vencimiento de la 1er cuota, correspondiente a las tasas de Servicios Sanitarios, Alumbrado Barrido, Recolecci\u00f3n de Residuos y Conservaci\u00f3n de la V\u00eda P\u00fablica y Red Vial.<\/p>\n\n\n\n<p>Para los contribuyentes de la Tasa de Seguridad e Higiene y para el caso que sea de aplicaci\u00f3n el m\u00ednimo establecido, las siguientes bonificaciones:<br>*Descuento del 15% para los contribuyentes que \u201cno posean\u201d el Certificado Pyme emitido por AFIP.<br>*Descuento del 20% para quienes \u201cposean\u201d el Certificado Pyme.<\/p>\n\n\n\n<p>Para aquellos contribuyentes que tributen la Tasa por Inspecci\u00f3n de Seguridad e Higiene, las siguientes bonificaciones:<br>*Descuento del 10% para los que \u201cno posean\u201d el Certificado Pyme.<br>*Descuento del 15% para los que \u201cposean\u201d el Certificado Pyme.<\/p>\n\n\n\n<p>Todos estos descuentos mencionados s\u00f3lo se aplicar\u00e1n a los contribuyentes que no tengan deuda con el Municipio y se encuentren reempadronados<\/p>\n\n\n\n<p>Hasta el 30\/06\/2020 se establece una bonificaci\u00f3n del 50% de la Tasa de Habilitaci\u00f3n de Comercio.<\/p>\n\n\n\n<p>Por otro lado, se informa el descuento del 10% por pago de contado anual, al momento de producirse el vencimiento de la primera cuota, correspondiente a la patente de automotores. Se bonificar\u00e1 el monto correspondiente al pago anual de la patente de automotores, en un porcentaje del 50% cuando el contribuyente acredite, con antelaci\u00f3n al vencimiento de esta primera cuota, la vigencia de la contrataci\u00f3n del seguro de responsabilidad civil hacia terceros y de la verificaci\u00f3n t\u00e9cnica vehicular. Para acceder a esta bonificaci\u00f3n deber\u00e1n tener al d\u00eda el pago del mencionado tributo, as\u00ed como no registrar deuda alguna por tasas, derechos y\/o contribuciones en el \u00e1mbito municipal. Asimismo, deber\u00e1 haber dado cumplimiento al reempadronamiento obligatorio establecido.<br>Por \u00faltimo, se establece un descuento del 10% en los Derechos de Publicidad y Propaganda para aquellos contribuyentes que posean la Tasa de Seguridad e Higiene al d\u00eda, al momento del vencimiento anual de Derechos de Publicidad y Propaganda.\n\n<\/p>\n","protected":false},"excerpt":{"rendered":"<p>La Direcci\u00f3n de Rentas informa a los contribuyentes los nuevos valores para el a\u00f1o 2020 de los diferentes tr\u00e1mites:*Pago sellado ingreso de tr\u00e1mites: $222*Baja de comercio: $ 1150*Habilitaci\u00f3n sin local comercial: $ 1150*Pago de Tasa por Habilitaci\u00f3n Comercial: $2834.00 (se abona la mitad 50 % de la tasa $1417 hasta el 30 de junio 2020)*Cambio [&hellip;]<\/p>\n","protected":false},"author":4,"featured_media":67495,"comment_status":"open","ping_status":"closed","sticky":false,"template":"","format":"standard","meta":{"om_disable_all_campaigns":false,"_jetpack_memberships_contains_paid_content":false,"footnotes":""},"categories":[621],"tags":[],"class_list":["post-67494","post","type-post","status-publish","format-standard","has-post-thumbnail","hentry","category-regionales"],"aioseo_notices":[],"gutentor_comment":0,"jetpack_featured_media_url":"https:\/\/eldiariodesanpedro.com.ar\/sitio\/wp-content\/uploads\/2020\/01\/descarga-1.jpg","jetpack_shortlink":"https:\/\/wp.me\/p6RhLt-hyC","jetpack_sharing_enabled":true,"_links":{"self":[{"href":"https:\/\/eldiariodesanpedro.com.ar\/sitio\/wp-json\/wp\/v2\/posts\/67494","targetHints":{"allow":["GET"]}}],"collection":[{"href":"https:\/\/eldiariodesanpedro.com.ar\/sitio\/wp-json\/wp\/v2\/posts"}],"about":[{"href":"https:\/\/eldiariodesanpedro.com.ar\/sitio\/wp-json\/wp\/v2\/types\/post"}],"author":[{"embeddable":true,"href":"https:\/\/eldiariodesanpedro.com.ar\/sitio\/wp-json\/wp\/v2\/users\/4"}],"replies":[{"embeddable":true,"href":"https:\/\/eldiariodesanpedro.com.ar\/sitio\/wp-json\/wp\/v2\/comments?post=67494"}],"version-history":[{"count":1,"href":"https:\/\/eldiariodesanpedro.com.ar\/sitio\/wp-json\/wp\/v2\/posts\/67494\/revisions"}],"predecessor-version":[{"id":67496,"href":"https:\/\/eldiariodesanpedro.com.ar\/sitio\/wp-json\/wp\/v2\/posts\/67494\/revisions\/67496"}],"wp:featuredmedia":[{"embeddable":true,"href":"https:\/\/eldiariodesanpedro.com.ar\/sitio\/wp-json\/wp\/v2\/media\/67495"}],"wp:attachment":[{"href":"https:\/\/eldiariodesanpedro.com.ar\/sitio\/wp-json\/wp\/v2\/media?parent=67494"}],"wp:term":[{"taxonomy":"category","embeddable":true,"href":"https:\/\/eldiariodesanpedro.com.ar\/sitio\/wp-json\/wp\/v2\/categories?post=67494"},{"taxonomy":"post_tag","embeddable":true,"href":"https:\/\/eldiariodesanpedro.com.ar\/sitio\/wp-json\/wp\/v2\/tags?post=67494"}],"curies":[{"name":"wp","href":"https:\/\/api.w.org\/{rel}","templated":true}]}}