{"id":67485,"date":"2020-01-23T10:25:48","date_gmt":"2020-01-23T13:25:48","guid":{"rendered":"https:\/\/eldiariodesanpedro.com.ar\/sitio\/?p=67485"},"modified":"2020-01-23T10:25:53","modified_gmt":"2020-01-23T13:25:53","slug":"ramon-salazar-se-espera-un-giro-importante-de-la-provincia-para-afrontar-deudas-y-obras","status":"publish","type":"post","link":"https:\/\/eldiariodesanpedro.com.ar\/sitio\/ramon-salazar-se-espera-un-giro-importante-de-la-provincia-para-afrontar-deudas-y-obras\/","title":{"rendered":"Ram\u00f3n Salazar: \u00abSe espera un giro importante de la provincia para afrontar deudas y obras\u00bb"},"content":{"rendered":"<!-- VideographyWP Plugin Message: Automatic video embedding prevented by plugin options. -->\n\n<p>Asi lo confirmo Ramon Salazar, Intendente Interino en la reuni\u00f3n de este mi\u00e9rcoles con los consejeros escolares. Cuarenta millones de pesos fueron gestionados y desde el ejecutivo prometen\u00a0 3 millones  para obras m\u00e1s urgentes antes del ciclo lectivo.<br><\/p>\n\n\n\n<p>Tras una nota de forma urgente que solicit\u00f3 Maria Cecilia Macchia, consejera escolar a Salazar hijo, quien se encuentra a cargo del departamento ejecutivo luego de que su padre tomar\u00e1 licencia por una fractura expuesta de peron\u00e9,\u00a0 fue aceptada y realizada este mi\u00e9rcoles.<br><\/p>\n\n\n\n<p>El tema del desv\u00edo de fondos del Fondo Educativo estall\u00f3 en la interna de los consejeros oficialistas y de la oposici\u00f3n, en el Frente de Todos y en la comunidad sampedrina.<br><\/p>\n\n\n\n<p>Desde que se puso a disposici\u00f3n p\u00fablica, tal como corresponde, los decretos de los \u00faltimos meses del 2019, en los que se observa, por una parte, la transferencia de\u00a0dinero del Fondo Educativo para gastos de salarios y aguinaldos\u00a0(por un total de 26 millones), m\u00e1s\u00a05 millones para la Emergencia Alimentaria;\u00a0por otro lado,\u00a0nombramientos en \u00e1reas municipales de militantes de Juntos por el Cambio\u00a0que acompa\u00f1aron a Cecilio Salazar en la \u00faltima campa\u00f1a por la reelecci\u00f3n. (vision regional)<\/p>\n\n\n\n<p>La informaci\u00f3n dada a conocer por\u00a0<strong>Visi\u00f3n Regional<\/strong>\u00a0este viernes gener\u00f3 alto impacto en la sociedad. Este s\u00e1bado, no obstante, desde el Ejecutivo que conduce Salazar\u00a0decidieron dar de baja uno de los decretos, el 1173\/19, que daba cuenta de la transferencia de 26 millones para el pago de salarios y aguinaldos, sumando un nuevo cap\u00edtulo a la serie de interrogantes acerca del manejo discrecional del dinero de todos y todas.\u00a0<\/p>\n\n\n\n<p>Algunos consejeros que responden al gobierno no daban fe de ese supuesto \u00abpr\u00e9stamo\u00bb como lo afirma el decreto.\u00a0<\/p>\n\n\n\n<figure class=\"wp-block-image size-large\"><img decoding=\"async\" width=\"540\" height=\"960\" data-attachment-id=\"67498\" data-permalink=\"https:\/\/eldiariodesanpedro.com.ar\/sitio\/ramon-salazar-se-espera-un-giro-importante-de-la-provincia-para-afrontar-deudas-y-obras\/82157767_503166766989203_6241756450926886912_o-1\/\" data-orig-file=\"https:\/\/eldiariodesanpedro.com.ar\/sitio\/wp-content\/uploads\/2020\/01\/82157767_503166766989203_6241756450926886912_o-1.jpg\" data-orig-size=\"540,960\" data-comments-opened=\"1\" data-image-meta=\"{&quot;aperture&quot;:&quot;0&quot;,&quot;credit&quot;:&quot;&quot;,&quot;camera&quot;:&quot;&quot;,&quot;caption&quot;:&quot;&quot;,&quot;created_timestamp&quot;:&quot;0&quot;,&quot;copyright&quot;:&quot;&quot;,&quot;focal_length&quot;:&quot;0&quot;,&quot;iso&quot;:&quot;0&quot;,&quot;shutter_speed&quot;:&quot;0&quot;,&quot;title&quot;:&quot;&quot;,&quot;orientation&quot;:&quot;0&quot;}\" data-image-title=\"82157767_503166766989203_6241756450926886912_o-1\" data-image-description=\"\" data-image-caption=\"\" data-large-file=\"https:\/\/eldiariodesanpedro.com.ar\/sitio\/wp-content\/uploads\/2020\/01\/82157767_503166766989203_6241756450926886912_o-1.jpg\" data-src=\"https:\/\/eldiariodesanpedro.com.ar\/sitio\/wp-content\/uploads\/2020\/01\/82157767_503166766989203_6241756450926886912_o-1.jpg\" alt=\"\" class=\"wp-image-67498 lazyload\" data-srcset=\"https:\/\/eldiariodesanpedro.com.ar\/sitio\/wp-content\/uploads\/2020\/01\/82157767_503166766989203_6241756450926886912_o-1.jpg 540w, https:\/\/eldiariodesanpedro.com.ar\/sitio\/wp-content\/uploads\/2020\/01\/82157767_503166766989203_6241756450926886912_o-1-169x300.jpg 169w\" data-sizes=\"(max-width: 540px) 100vw, 540px\" src=\"data:image\/svg+xml;base64,PHN2ZyB3aWR0aD0iMSIgaGVpZ2h0PSIxIiB4bWxucz0iaHR0cDovL3d3dy53My5vcmcvMjAwMC9zdmciPjwvc3ZnPg==\" style=\"--smush-placeholder-width: 540px; --smush-placeholder-aspect-ratio: 540\/960;\" \/><\/figure>\n\n\n\n<p>Este mi\u00e9rcoles el intendente interino respondi\u00f3 al pedido de audiencia y se reunieron en su despacho.<br><\/p>\n\n\n\n<p>Ramon, primeramente les pidi\u00f3 a los consejeros seguir trabajando juntos a favor de la educaci\u00f3n como lo han venido haciendo durante estos \u00faltimos a\u00f1os donde ya se han podido llevar a cabo 90 obras, luego pasaron al tema principal, \u00abel desv\u00edo del fondo educativo\u00bb.<br><\/p>\n\n\n\n<p>El interino explic\u00f3 que lo prestado del fondo educativo se devolver\u00e1 cuando, \u00abestuvieran los fondos disponibles de la provincia, no nos olvidemos que hace poco un cambio de gobierno, el dinero fue gestionado antes, se esperan 40 millones de pesos, el a\u00f1o pasado nos derivaron 30 para este a\u00f1o se pidi\u00f3 mas\u00bb, ademas agrego en la audiencia que \u00abpor este motivo se utiliz\u00f3 parte del fondo para realizar pagos, lo cual est\u00e1 permitido legalmente, pero se va a devolver\u00bb.<br><\/p>\n\n\n\n<p>Tambi\u00e9n se comprometi\u00f3 a que antes del ciclo lectivo la educaci\u00f3n reciba 3 millones de pesos para llevar a cabo obras m\u00e1s urgentes.<br><\/p>\n\n\n\n<p>A pesar del gran malestar que hab\u00eda surgido en estos \u00faltimos d\u00edas parece que la reuni\u00f3n tuvo un final dentro de todo feliz, se espera ahora la promesa a cumplir.<br><br><\/p>\n\n\n\n<p><\/p>\n","protected":false},"excerpt":{"rendered":"<p>Asi lo confirmo Ramon Salazar, Intendente Interino en la reuni\u00f3n de este mi\u00e9rcoles con los consejeros escolares. Cuarenta millones de pesos fueron gestionados y desde el ejecutivo prometen\u00a0 3 millones para obras m\u00e1s urgentes antes del ciclo lectivo. Tras una nota de forma urgente que solicit\u00f3 Maria Cecilia Macchia, consejera escolar a Salazar hijo, quien [&hellip;]<\/p>\n","protected":false},"author":4,"featured_media":67522,"comment_status":"open","ping_status":"closed","sticky":false,"template":"","format":"standard","meta":{"om_disable_all_campaigns":false,"_jetpack_memberships_contains_paid_content":false,"footnotes":""},"categories":[50,101,2],"tags":[],"class_list":["post-67485","post","type-post","status-publish","format-standard","has-post-thumbnail","hentry","category-destacadas","category-interes-general-locales","category-locales"],"aioseo_notices":[],"gutentor_comment":0,"jetpack_featured_media_url":"https:\/\/eldiariodesanpedro.com.ar\/sitio\/wp-content\/uploads\/2020\/01\/53434987_1952171881560462_6674402508246351872_o.jpg","jetpack_shortlink":"https:\/\/wp.me\/p6RhLt-hyt","jetpack_sharing_enabled":true,"_links":{"self":[{"href":"https:\/\/eldiariodesanpedro.com.ar\/sitio\/wp-json\/wp\/v2\/posts\/67485","targetHints":{"allow":["GET"]}}],"collection":[{"href":"https:\/\/eldiariodesanpedro.com.ar\/sitio\/wp-json\/wp\/v2\/posts"}],"about":[{"href":"https:\/\/eldiariodesanpedro.com.ar\/sitio\/wp-json\/wp\/v2\/types\/post"}],"author":[{"embeddable":true,"href":"https:\/\/eldiariodesanpedro.com.ar\/sitio\/wp-json\/wp\/v2\/users\/4"}],"replies":[{"embeddable":true,"href":"https:\/\/eldiariodesanpedro.com.ar\/sitio\/wp-json\/wp\/v2\/comments?post=67485"}],"version-history":[{"count":1,"href":"https:\/\/eldiariodesanpedro.com.ar\/sitio\/wp-json\/wp\/v2\/posts\/67485\/revisions"}],"predecessor-version":[{"id":67523,"href":"https:\/\/eldiariodesanpedro.com.ar\/sitio\/wp-json\/wp\/v2\/posts\/67485\/revisions\/67523"}],"wp:featuredmedia":[{"embeddable":true,"href":"https:\/\/eldiariodesanpedro.com.ar\/sitio\/wp-json\/wp\/v2\/media\/67522"}],"wp:attachment":[{"href":"https:\/\/eldiariodesanpedro.com.ar\/sitio\/wp-json\/wp\/v2\/media?parent=67485"}],"wp:term":[{"taxonomy":"category","embeddable":true,"href":"https:\/\/eldiariodesanpedro.com.ar\/sitio\/wp-json\/wp\/v2\/categories?post=67485"},{"taxonomy":"post_tag","embeddable":true,"href":"https:\/\/eldiariodesanpedro.com.ar\/sitio\/wp-json\/wp\/v2\/tags?post=67485"}],"curies":[{"name":"wp","href":"https:\/\/api.w.org\/{rel}","templated":true}]}}