{"id":67480,"date":"2020-01-22T18:10:30","date_gmt":"2020-01-22T21:10:30","guid":{"rendered":"https:\/\/eldiariodesanpedro.com.ar\/sitio\/?p=67480"},"modified":"2020-01-22T18:10:34","modified_gmt":"2020-01-22T21:10:34","slug":"nuevo-arribo-de-un-buque-con-destino-a-estados-unidos","status":"publish","type":"post","link":"https:\/\/eldiariodesanpedro.com.ar\/sitio\/nuevo-arribo-de-un-buque-con-destino-a-estados-unidos\/","title":{"rendered":"Nuevo arribo de un buque con destino a Estados Unidos"},"content":{"rendered":"<!-- VideographyWP Plugin Message: Automatic video embedding prevented by plugin options. -->\n\n<p>Desde el Consorcio de Gesti\u00f3n del Puerto San Pedro se comunic\u00f3 el arribo el d\u00eda jueves  23 de enero, de un buque denominado \u201c<strong>Nordcolorado<\/strong>\u201d de bandera de  Malta con procedencia de  Cape Town, Sud\u00e1frica.<\/p>\n\n\n\n<p>El barco de  188,99 metros de eslora y operar\u00e1 en el muelle elevador, en donde cargar\u00e1\u00a0 27.300 toneladas de porotos de soja y 4.300 de maiz a granel  con destino a Estados Unidos .<\/p>\n","protected":false},"excerpt":{"rendered":"<p>Desde el Consorcio de Gesti\u00f3n del Puerto San Pedro se comunic\u00f3 el arribo el d\u00eda jueves 23 de enero, de un buque denominado \u201cNordcolorado\u201d de bandera de Malta con procedencia de Cape Town, Sud\u00e1frica. El barco de 188,99 metros de eslora y operar\u00e1 en el muelle elevador, en donde cargar\u00e1\u00a0 27.300 toneladas de porotos de [&hellip;]<\/p>\n","protected":false},"author":4,"featured_media":67481,"comment_status":"open","ping_status":"closed","sticky":false,"template":"","format":"standard","meta":{"om_disable_all_campaigns":false,"_jetpack_memberships_contains_paid_content":false,"footnotes":""},"categories":[101,2],"tags":[],"class_list":["post-67480","post","type-post","status-publish","format-standard","has-post-thumbnail","hentry","category-interes-general-locales","category-locales"],"aioseo_notices":[],"gutentor_comment":0,"jetpack_featured_media_url":"https:\/\/eldiariodesanpedro.com.ar\/sitio\/wp-content\/uploads\/2020\/01\/NORD_COLORADO.jpg","jetpack_shortlink":"https:\/\/wp.me\/p6RhLt-hyo","jetpack_sharing_enabled":true,"_links":{"self":[{"href":"https:\/\/eldiariodesanpedro.com.ar\/sitio\/wp-json\/wp\/v2\/posts\/67480","targetHints":{"allow":["GET"]}}],"collection":[{"href":"https:\/\/eldiariodesanpedro.com.ar\/sitio\/wp-json\/wp\/v2\/posts"}],"about":[{"href":"https:\/\/eldiariodesanpedro.com.ar\/sitio\/wp-json\/wp\/v2\/types\/post"}],"author":[{"embeddable":true,"href":"https:\/\/eldiariodesanpedro.com.ar\/sitio\/wp-json\/wp\/v2\/users\/4"}],"replies":[{"embeddable":true,"href":"https:\/\/eldiariodesanpedro.com.ar\/sitio\/wp-json\/wp\/v2\/comments?post=67480"}],"version-history":[{"count":1,"href":"https:\/\/eldiariodesanpedro.com.ar\/sitio\/wp-json\/wp\/v2\/posts\/67480\/revisions"}],"predecessor-version":[{"id":67482,"href":"https:\/\/eldiariodesanpedro.com.ar\/sitio\/wp-json\/wp\/v2\/posts\/67480\/revisions\/67482"}],"wp:featuredmedia":[{"embeddable":true,"href":"https:\/\/eldiariodesanpedro.com.ar\/sitio\/wp-json\/wp\/v2\/media\/67481"}],"wp:attachment":[{"href":"https:\/\/eldiariodesanpedro.com.ar\/sitio\/wp-json\/wp\/v2\/media?parent=67480"}],"wp:term":[{"taxonomy":"category","embeddable":true,"href":"https:\/\/eldiariodesanpedro.com.ar\/sitio\/wp-json\/wp\/v2\/categories?post=67480"},{"taxonomy":"post_tag","embeddable":true,"href":"https:\/\/eldiariodesanpedro.com.ar\/sitio\/wp-json\/wp\/v2\/tags?post=67480"}],"curies":[{"name":"wp","href":"https:\/\/api.w.org\/{rel}","templated":true}]}}