{"id":67469,"date":"2020-01-22T13:04:24","date_gmt":"2020-01-22T16:04:24","guid":{"rendered":"https:\/\/eldiariodesanpedro.com.ar\/sitio\/?p=67469"},"modified":"2020-01-22T13:04:24","modified_gmt":"2020-01-22T16:04:24","slug":"baradero-la-rocio-con-nafta-y-le-dijo-que-la-iba-a-matar","status":"publish","type":"post","link":"https:\/\/eldiariodesanpedro.com.ar\/sitio\/baradero-la-rocio-con-nafta-y-le-dijo-que-la-iba-a-matar\/","title":{"rendered":"BARADERO: \u201cLa roci\u00f3 con nafta y le dijo que la iba a matar\u201d"},"content":{"rendered":"<!-- VideographyWP Plugin Message: Automatic video embedding prevented by plugin options. -->\n\n<p>Lo dijo Vicente gomez el fiscal de la Ufi 9 de nuestra ciudad hablo con este medio sobre la causa que mantiene en vilo a nuestra ciudad.<\/p>\n\n\n\n<p>El fiscal afirm\u00f3 que el sujeto de 24 a\u00f1os ten\u00eda intenciones de matar a su pareja, lo que modificar\u00eda la car\u00e1tula de la causa.<\/p>\n\n\n\n<p>Tambien dijo que tiene herramientas para considerar el hecho como homicidio agravado por el v\u00ednculo, por tratarse de un femicidio y por la violencia ejercida desde un hombre hacia una mujer.<\/p>\n\n\n\n<p>El fiscal tambi\u00e9n adelanto que el agresor no se encuentra pr\u00f3fugo.<br>Actualmente, esta ma\u00f1ana G\u00f3mez pidi\u00f3 al juzgado de garant\u00edas la detenci\u00f3n del sujeto, y aguardan a la \u00f3rden.<\/p>\n\n\n\n<p>Tambi\u00e9n agrego que ambos eran caseros de un campo, y que no pesaban denuncias por violencia anteriormente.<\/p>\n\n\n\n<p>Los testigos del hecho fueron el hermano de la v\u00edctima, y un vecino que presto ayuda en el momento para que ella pudiera salir de la vivienda.<\/p>\n\n\n\n<p>Por otro lado, este hombre tambi\u00e9n roci\u00f3 las paredes de la casa al momento de hacerlo con su pareja y su hijo de 4 meses.<\/p>\n\n\n\n<p>Desliz\u00f3 adem\u00e1s G\u00f3mez que esta persona pertenec\u00eda a la fuerza policial y que fue exonerado de la misma por su conducta agresiva.<\/p>\n\n\n\n<p>\u201cLa causa esta esclarecida porque esta ubicado el agresor, adem\u00e1s del testimonio del hermano de la v\u00edctima que lo ubica a este sujeto ah\u00ed\u201d.<\/p>\n\n\n\n<p>Fuente Tu Linea Directa<\/p>\n","protected":false},"excerpt":{"rendered":"<p>Lo dijo Vicente gomez el fiscal de la Ufi 9 de nuestra ciudad hablo con este medio sobre la causa que mantiene en vilo a nuestra ciudad. El fiscal afirm\u00f3 que el sujeto de 24 a\u00f1os ten\u00eda intenciones de matar a su pareja, lo que modificar\u00eda la car\u00e1tula de la causa. Tambien dijo que tiene [&hellip;]<\/p>\n","protected":false},"author":4,"featured_media":67470,"comment_status":"open","ping_status":"closed","sticky":false,"template":"","format":"standard","meta":{"om_disable_all_campaigns":false,"_jetpack_memberships_contains_paid_content":false,"footnotes":""},"categories":[621],"tags":[],"class_list":["post-67469","post","type-post","status-publish","format-standard","has-post-thumbnail","hentry","category-regionales"],"aioseo_notices":[],"gutentor_comment":0,"jetpack_featured_media_url":"https:\/\/eldiariodesanpedro.com.ar\/sitio\/wp-content\/uploads\/2020\/01\/fiscal-gomez.jpg","jetpack_shortlink":"https:\/\/wp.me\/p6RhLt-hyd","jetpack_sharing_enabled":true,"_links":{"self":[{"href":"https:\/\/eldiariodesanpedro.com.ar\/sitio\/wp-json\/wp\/v2\/posts\/67469","targetHints":{"allow":["GET"]}}],"collection":[{"href":"https:\/\/eldiariodesanpedro.com.ar\/sitio\/wp-json\/wp\/v2\/posts"}],"about":[{"href":"https:\/\/eldiariodesanpedro.com.ar\/sitio\/wp-json\/wp\/v2\/types\/post"}],"author":[{"embeddable":true,"href":"https:\/\/eldiariodesanpedro.com.ar\/sitio\/wp-json\/wp\/v2\/users\/4"}],"replies":[{"embeddable":true,"href":"https:\/\/eldiariodesanpedro.com.ar\/sitio\/wp-json\/wp\/v2\/comments?post=67469"}],"version-history":[{"count":1,"href":"https:\/\/eldiariodesanpedro.com.ar\/sitio\/wp-json\/wp\/v2\/posts\/67469\/revisions"}],"predecessor-version":[{"id":67471,"href":"https:\/\/eldiariodesanpedro.com.ar\/sitio\/wp-json\/wp\/v2\/posts\/67469\/revisions\/67471"}],"wp:featuredmedia":[{"embeddable":true,"href":"https:\/\/eldiariodesanpedro.com.ar\/sitio\/wp-json\/wp\/v2\/media\/67470"}],"wp:attachment":[{"href":"https:\/\/eldiariodesanpedro.com.ar\/sitio\/wp-json\/wp\/v2\/media?parent=67469"}],"wp:term":[{"taxonomy":"category","embeddable":true,"href":"https:\/\/eldiariodesanpedro.com.ar\/sitio\/wp-json\/wp\/v2\/categories?post=67469"},{"taxonomy":"post_tag","embeddable":true,"href":"https:\/\/eldiariodesanpedro.com.ar\/sitio\/wp-json\/wp\/v2\/tags?post=67469"}],"curies":[{"name":"wp","href":"https:\/\/api.w.org\/{rel}","templated":true}]}}