{"id":67466,"date":"2020-01-22T12:09:47","date_gmt":"2020-01-22T15:09:47","guid":{"rendered":"https:\/\/eldiariodesanpedro.com.ar\/sitio\/?p=67466"},"modified":"2020-01-22T12:09:52","modified_gmt":"2020-01-22T15:09:52","slug":"un-auto-cayo-a-un-zanjon","status":"publish","type":"post","link":"https:\/\/eldiariodesanpedro.com.ar\/sitio\/un-auto-cayo-a-un-zanjon\/","title":{"rendered":"Un auto cay\u00f3 a un zanj\u00f3n"},"content":{"rendered":"<!-- VideographyWP Plugin Message: Automatic video embedding prevented by plugin options. -->\n\n<p>El veh\u00edculo que circulaba por Nieto de Torres logr\u00f3 esquivar una moto y un auto que ven\u00edan de frente y cay\u00f3 a un zanj\u00f3n.<br><\/p>\n\n\n\n<p>Sucedi\u00f3 por la ma\u00f1ana de este mi\u00e9rcoles, el autom\u00f3vil marca\u00a0 Vw Gol , de color blanco, transitaba por Nieto de Torres cuando tuvo que esquivar una moto y otro veh\u00edculo que ven\u00eda de frente, seg\u00fan testimonios.<br><\/p>\n\n\n\n<p>Como consecuencia termin\u00f3 en un zanj\u00f3n llegando casi a J, Rivero.<br><\/p>\n\n\n\n<p>No hubo heridos y el auto fue removido rapidamente.<\/p>\n","protected":false},"excerpt":{"rendered":"<p>El veh\u00edculo que circulaba por Nieto de Torres logr\u00f3 esquivar una moto y un auto que ven\u00edan de frente y cay\u00f3 a un zanj\u00f3n. Sucedi\u00f3 por la ma\u00f1ana de este mi\u00e9rcoles, el autom\u00f3vil marca\u00a0 Vw Gol , de color blanco, transitaba por Nieto de Torres cuando tuvo que esquivar una moto y otro veh\u00edculo que [&hellip;]<\/p>\n","protected":false},"author":4,"featured_media":67467,"comment_status":"open","ping_status":"closed","sticky":false,"template":"","format":"standard","meta":{"om_disable_all_campaigns":false,"_jetpack_memberships_contains_paid_content":false,"footnotes":""},"categories":[2,103],"tags":[],"class_list":["post-67466","post","type-post","status-publish","format-standard","has-post-thumbnail","hentry","category-locales","category-policiales-locales"],"aioseo_notices":[],"gutentor_comment":0,"jetpack_featured_media_url":"https:\/\/eldiariodesanpedro.com.ar\/sitio\/wp-content\/uploads\/2020\/01\/WhatsApp-Image-2020-01-22-at-11.58.30-AM.jpeg","jetpack_shortlink":"https:\/\/wp.me\/p6RhLt-hya","jetpack_sharing_enabled":true,"_links":{"self":[{"href":"https:\/\/eldiariodesanpedro.com.ar\/sitio\/wp-json\/wp\/v2\/posts\/67466","targetHints":{"allow":["GET"]}}],"collection":[{"href":"https:\/\/eldiariodesanpedro.com.ar\/sitio\/wp-json\/wp\/v2\/posts"}],"about":[{"href":"https:\/\/eldiariodesanpedro.com.ar\/sitio\/wp-json\/wp\/v2\/types\/post"}],"author":[{"embeddable":true,"href":"https:\/\/eldiariodesanpedro.com.ar\/sitio\/wp-json\/wp\/v2\/users\/4"}],"replies":[{"embeddable":true,"href":"https:\/\/eldiariodesanpedro.com.ar\/sitio\/wp-json\/wp\/v2\/comments?post=67466"}],"version-history":[{"count":1,"href":"https:\/\/eldiariodesanpedro.com.ar\/sitio\/wp-json\/wp\/v2\/posts\/67466\/revisions"}],"predecessor-version":[{"id":67468,"href":"https:\/\/eldiariodesanpedro.com.ar\/sitio\/wp-json\/wp\/v2\/posts\/67466\/revisions\/67468"}],"wp:featuredmedia":[{"embeddable":true,"href":"https:\/\/eldiariodesanpedro.com.ar\/sitio\/wp-json\/wp\/v2\/media\/67467"}],"wp:attachment":[{"href":"https:\/\/eldiariodesanpedro.com.ar\/sitio\/wp-json\/wp\/v2\/media?parent=67466"}],"wp:term":[{"taxonomy":"category","embeddable":true,"href":"https:\/\/eldiariodesanpedro.com.ar\/sitio\/wp-json\/wp\/v2\/categories?post=67466"},{"taxonomy":"post_tag","embeddable":true,"href":"https:\/\/eldiariodesanpedro.com.ar\/sitio\/wp-json\/wp\/v2\/tags?post=67466"}],"curies":[{"name":"wp","href":"https:\/\/api.w.org\/{rel}","templated":true}]}}