{"id":6743,"date":"2016-08-04T11:15:32","date_gmt":"2016-08-04T14:15:32","guid":{"rendered":"https:\/\/eldiariodesanpedro.com.ar\/sitio\/?p=6743"},"modified":"2026-01-24T00:32:57","modified_gmt":"2026-01-24T03:32:57","slug":"pedro-adrover-inscribio-su-nombre-entre-los-campeones","status":"publish","type":"post","link":"https:\/\/eldiariodesanpedro.com.ar\/sitio\/pedro-adrover-inscribio-su-nombre-entre-los-campeones\/","title":{"rendered":"Pedro Adrover inscribi\u00f3 su nombre entre los campeones"},"content":{"rendered":"<p><!-- VideographyWP Plugin Message: Automatic video embedding prevented by plugin options. --><br \/>\nM\u00e1s de 500 nadadores y 90 clubes de todo el pa\u00eds se hicieron presentes en este evento donde concurrieron cuatro nadadores federados del Club N\u00e1utico y \u201cPepe\u201d Adrover logr\u00f3 el primer puesto en los 400 metros libres y el tercer puesto en los cincuenta metros pecho en la categor\u00eda infantil 1.<br \/>\n Los resultados generales fueron los siguientes:<br \/>\nPedro Adrover (infantil 1), 3\u00b0 en 50 metros pecho 46\u201d13, 1\u00b0 en 400 metros libres 5\u00b437\u201d85, 6\u00b0 en 50 metros espalda 42\u201d10, 6\u00b0 en 50 libres 34\u201d88<br \/>\nBruno Giles (menor 1), 8\u00b0 en 100 metros pecho 1\u201929\u201d55, 14\u00b0 en 100 metros mariposa 1\u201924\u201d11, 14\u00b0 en 50 metros mariposa 35\u201d16, 10\u00b0 en 50 metros libres 31\u201d53, 20\u00b0 en 100 metros libres 1\u201911\u201d27, 8\u00b0 en 50 metros pecho 41\u201d39<br \/>\nBernarda Graff (menor 1), 18\u00b0 en 100 metros pecho 1\u201940\u201d37, 28\u00b0 en 100 metros mariposa 1\u201942\u201d55, 32\u00b0 en 50 metros mariposa 39\u201d32, 29\u00b0 en 200 metros combinados 3\u201912\u201d55, 9\u00b0 en 50 metros pecho 42\u201d25<br \/>\nMelina Arias (menor 1),29\u00b0 en 100 metros mariposa 1\u201943\u201d91.<\/p>\n","protected":false},"excerpt":{"rendered":"<p>M\u00e1s de 500 nadadores y 90 clubes de todo el pa\u00eds se hicieron presentes en este evento donde concurrieron cuatro nadadores federados del Club N\u00e1utico y \u201cPepe\u201d Adrover logr\u00f3 el primer puesto en los 400 metros libres y el tercer puesto en los cincuenta metros pecho en la categor\u00eda infantil 1. Los resultados generales fueron [&hellip;]<\/p>\n","protected":false},"author":4,"featured_media":6744,"comment_status":"open","ping_status":"closed","sticky":false,"template":"","format":"standard","meta":{"om_disable_all_campaigns":false,"_jetpack_memberships_contains_paid_content":false,"footnotes":""},"categories":[5],"tags":[],"class_list":["post-6743","post","type-post","status-publish","format-standard","has-post-thumbnail","hentry","category-deportes"],"aioseo_notices":[],"gutentor_comment":0,"jetpack_featured_media_url":"https:\/\/eldiariodesanpedro.com.ar\/sitio\/wp-content\/uploads\/2016\/08\/3.jpg","jetpack_shortlink":"https:\/\/wp.me\/p6RhLt-1KL","jetpack_sharing_enabled":true,"_links":{"self":[{"href":"https:\/\/eldiariodesanpedro.com.ar\/sitio\/wp-json\/wp\/v2\/posts\/6743","targetHints":{"allow":["GET"]}}],"collection":[{"href":"https:\/\/eldiariodesanpedro.com.ar\/sitio\/wp-json\/wp\/v2\/posts"}],"about":[{"href":"https:\/\/eldiariodesanpedro.com.ar\/sitio\/wp-json\/wp\/v2\/types\/post"}],"author":[{"embeddable":true,"href":"https:\/\/eldiariodesanpedro.com.ar\/sitio\/wp-json\/wp\/v2\/users\/4"}],"replies":[{"embeddable":true,"href":"https:\/\/eldiariodesanpedro.com.ar\/sitio\/wp-json\/wp\/v2\/comments?post=6743"}],"version-history":[{"count":1,"href":"https:\/\/eldiariodesanpedro.com.ar\/sitio\/wp-json\/wp\/v2\/posts\/6743\/revisions"}],"predecessor-version":[{"id":6745,"href":"https:\/\/eldiariodesanpedro.com.ar\/sitio\/wp-json\/wp\/v2\/posts\/6743\/revisions\/6745"}],"wp:featuredmedia":[{"embeddable":true,"href":"https:\/\/eldiariodesanpedro.com.ar\/sitio\/wp-json\/wp\/v2\/media\/6744"}],"wp:attachment":[{"href":"https:\/\/eldiariodesanpedro.com.ar\/sitio\/wp-json\/wp\/v2\/media?parent=6743"}],"wp:term":[{"taxonomy":"category","embeddable":true,"href":"https:\/\/eldiariodesanpedro.com.ar\/sitio\/wp-json\/wp\/v2\/categories?post=6743"},{"taxonomy":"post_tag","embeddable":true,"href":"https:\/\/eldiariodesanpedro.com.ar\/sitio\/wp-json\/wp\/v2\/tags?post=6743"}],"curies":[{"name":"wp","href":"https:\/\/api.w.org\/{rel}","templated":true}]}}