{"id":67393,"date":"2020-01-21T12:44:51","date_gmt":"2020-01-21T15:44:51","guid":{"rendered":"https:\/\/eldiariodesanpedro.com.ar\/sitio\/?p=67393"},"modified":"2020-01-21T12:57:45","modified_gmt":"2020-01-21T15:57:45","slug":"fiscal-mansola-victima-podria-volver-a-cordoba","status":"publish","type":"post","link":"https:\/\/eldiariodesanpedro.com.ar\/sitio\/fiscal-mansola-victima-podria-volver-a-cordoba\/","title":{"rendered":"Fiscal Manso:\u00bbla victima podria volver a Cordoba\u00bb"},"content":{"rendered":"<!-- VideographyWP Plugin Message: Automatic video embedding prevented by plugin options. -->\n\n<p>Luego del allanamiento realizado en una vivienda de calle Lavalle al 450 donde los medios locales hicieron eco ante la gravedad del caso, la v\u00edctima podr\u00eda volver a su lugar de origen.<br><\/p>\n\n\n\n<p>El Dr Marcelo Manso, titular de la UFI N\u00ba5,&nbsp; di\u00e1logo con nuestra redacci\u00f3n contando novedades del caso de la joven cordobesa que era obligada a mantener relaciones sexuales encontr\u00e1ndose privada de su libertad.<br><\/p>\n\n\n\n<p>\u00abEs una causa que estamos trabajando por trata de personas, se inici\u00f3 a partir de que dos mujeres que interceptan en la v\u00eda p\u00fablica a personal policial explicandoles que se encontraban privadas de la libertad y eran obligada a mantener relaciones sexuales\u00bb<\/p>\n\n\n\n<p>\u00aben horas del mediod\u00eda\u00a0 brind\u00f3 una serie de detalles que no brind\u00f3 antes simplemente porque la justicia se refiere a preguntas m\u00e1s t\u00e9cnicas que la polic\u00eda no hace, nosotros somos abogados y ellos no, es simplemente por eso, eso nos permite delimitar el objeto procesal de la causa y es muy probable que vuelva a C\u00f3rdoba\u00bb<br><\/p>\n\n\n\n<p>El objeto del proceso u objeto litigioso es la pretensi\u00f3n, la cual consiste en una declaraci\u00f3n de voluntad, debidamente fundamentada, del actor que formaliza generalmente en el escrito de demanda ,y deduce ante el juez, pero que se dirige contra el demandado, (haciendo surgir en \u00e9l la carga de comparecer en el proceso y de contestarla) en cuya virtud se solicita del \u00f3rgano jurisdiccional una sentencia que, en relaci\u00f3n con un derecho, bien o situaci\u00f3n jur\u00eddica, declare o niegue su existencia, cree, modifique o extinga una determinada situaci\u00f3n o relaci\u00f3n jur\u00eddica, o condene al demandado al cumplimiento de una determinada prestaci\u00f3n (art. 5.1).<\/p>\n\n\n\n<p>El Dr Manso refiere a que si se tratara de tr\u00e1fico de personas con fines ilegales que constituye una grave y particularmente insidiosa violaci\u00f3n de los derechos humanos, seria una casua mas compleja, \u00absi se comprueba este delito pediria eel traslado a la Justicia Federal\u00bb. <\/p>\n\n\n\n<p>Se continua con la investigacion.<\/p>\n\n\n\n<p><strong>EL HECHO<\/strong><\/p>\n\n\n\n<p>Sub DDI Baradero comunica que el d\u00eda domingo, en horas de la ma\u00f1ana toma intervenci\u00f3n en denuncia radicada en sede de la Comisar\u00eda de la Mujer y la Familia de San Pedro por parte de una joven mayor de edad de sexo femenino oriunda de la provincia de C\u00f3rdoba.<\/p>\n\n\n\n<p>En la denuncia la v\u00edctima (19) relata que en su lugar de origen conoce a una pareja nativa de esta ciudad durante el mes de diciembre pr\u00f3ximo pasado, quien la convence de volver a San Pedro con \u00e9l,&nbsp; con la promesa de un mejor pasar.&nbsp;<br><\/p>\n\n\n\n<p>Una vez en San Pedro, la conducen a un domicilio que posteriormente es individualizado por el personal de la polic\u00eda de investigaciones, mismo situado en la calle Lavalle Nro. 450, donde adem\u00e1s de la pareja reside un sujeto masculino, siendo sometida y golpeada por estos por negarse a mantener relaciones sexuales con ellos y con terceras personas, est\u00e1s \u00faltimas a cambio de dinero, manteni\u00e9ndola all\u00ed contra su voluntad.<\/p>\n\n\n\n<p>Logrando en horas de la noche del lunes del corriente mes y a\u00f1o, escapar del lugar, obteniendo contenci\u00f3n en la Comisar\u00eda de la Mujer y Familia.<\/p>\n\n\n\n<p>En las actuaciones judiciales resultantes interviene U.F.I. Nro. 5 a cargo del Dr. Marcelo Manso, qui\u00e9n solicita al Juzgado de Garant\u00edas orden de allanamiento para dar con el domicilio de referencia anterior, medida la cual es efectivizada el d\u00eda 20 de enero por el personal de Investigaciones, en forma conjunta con personal de E. C. San Pedro, Cria. De la Mujer local y Polic\u00eda cient\u00edfica; logr\u00e1ndose el secuestro de efectos y documentaciones personales de la v\u00edctima, entre otros elementos de inter\u00e9s para la prosecuci\u00f3n de la causa.<\/p>\n\n\n\n<p><br><br><\/p>\n","protected":false},"excerpt":{"rendered":"<p>Luego del allanamiento realizado en una vivienda de calle Lavalle al 450 donde los medios locales hicieron eco ante la gravedad del caso, la v\u00edctima podr\u00eda volver a su lugar de origen. El Dr Marcelo Manso, titular de la UFI N\u00ba5,&nbsp; di\u00e1logo con nuestra redacci\u00f3n contando novedades del caso de la joven cordobesa que era [&hellip;]<\/p>\n","protected":false},"author":4,"featured_media":67394,"comment_status":"open","ping_status":"closed","sticky":false,"template":"","format":"standard","meta":{"om_disable_all_campaigns":false,"_jetpack_memberships_contains_paid_content":false,"footnotes":""},"categories":[50,2,103],"tags":[],"class_list":["post-67393","post","type-post","status-publish","format-standard","has-post-thumbnail","hentry","category-destacadas","category-locales","category-policiales-locales"],"aioseo_notices":[],"gutentor_comment":0,"jetpack_featured_media_url":"https:\/\/eldiariodesanpedro.com.ar\/sitio\/wp-content\/uploads\/2020\/01\/000059270.jpg","jetpack_shortlink":"https:\/\/wp.me\/p6RhLt-hwZ","jetpack_sharing_enabled":true,"_links":{"self":[{"href":"https:\/\/eldiariodesanpedro.com.ar\/sitio\/wp-json\/wp\/v2\/posts\/67393","targetHints":{"allow":["GET"]}}],"collection":[{"href":"https:\/\/eldiariodesanpedro.com.ar\/sitio\/wp-json\/wp\/v2\/posts"}],"about":[{"href":"https:\/\/eldiariodesanpedro.com.ar\/sitio\/wp-json\/wp\/v2\/types\/post"}],"author":[{"embeddable":true,"href":"https:\/\/eldiariodesanpedro.com.ar\/sitio\/wp-json\/wp\/v2\/users\/4"}],"replies":[{"embeddable":true,"href":"https:\/\/eldiariodesanpedro.com.ar\/sitio\/wp-json\/wp\/v2\/comments?post=67393"}],"version-history":[{"count":3,"href":"https:\/\/eldiariodesanpedro.com.ar\/sitio\/wp-json\/wp\/v2\/posts\/67393\/revisions"}],"predecessor-version":[{"id":67397,"href":"https:\/\/eldiariodesanpedro.com.ar\/sitio\/wp-json\/wp\/v2\/posts\/67393\/revisions\/67397"}],"wp:featuredmedia":[{"embeddable":true,"href":"https:\/\/eldiariodesanpedro.com.ar\/sitio\/wp-json\/wp\/v2\/media\/67394"}],"wp:attachment":[{"href":"https:\/\/eldiariodesanpedro.com.ar\/sitio\/wp-json\/wp\/v2\/media?parent=67393"}],"wp:term":[{"taxonomy":"category","embeddable":true,"href":"https:\/\/eldiariodesanpedro.com.ar\/sitio\/wp-json\/wp\/v2\/categories?post=67393"},{"taxonomy":"post_tag","embeddable":true,"href":"https:\/\/eldiariodesanpedro.com.ar\/sitio\/wp-json\/wp\/v2\/tags?post=67393"}],"curies":[{"name":"wp","href":"https:\/\/api.w.org\/{rel}","templated":true}]}}