{"id":67368,"date":"2020-01-21T10:03:13","date_gmt":"2020-01-21T13:03:13","guid":{"rendered":"https:\/\/eldiariodesanpedro.com.ar\/sitio\/?p=67368"},"modified":"2020-01-21T10:03:14","modified_gmt":"2020-01-21T13:03:14","slug":"baradero-accidente-de-camiones-en-ruta-9","status":"publish","type":"post","link":"https:\/\/eldiariodesanpedro.com.ar\/sitio\/baradero-accidente-de-camiones-en-ruta-9\/","title":{"rendered":"BARADERO | Accidente de camiones en Ruta 9"},"content":{"rendered":"<!-- VideographyWP Plugin Message: Automatic video embedding prevented by plugin options. -->\n\n<p>El choque fue por alcance esta madrugada en el km 144. Como consecuencia uno de los ch\u00f3feres fue trasladado al hospital con un golpe en sus miembros inferiores.<\/p>\n\n\n\n<p>Seg\u00fan relataron testigos uno de los transportes perdi\u00f3 la carga que eran bobinas.<\/p>\n\n\n\n<p>Personal Policial y de Bomberos trabajaron en el lugar. No hubo corte de ruta.<\/p>\n\n\n\n<p>Fuente: Tu Linea Directa<\/p>\n","protected":false},"excerpt":{"rendered":"<p>El choque fue por alcance esta madrugada en el km 144. Como consecuencia uno de los ch\u00f3feres fue trasladado al hospital con un golpe en sus miembros inferiores. Seg\u00fan relataron testigos uno de los transportes perdi\u00f3 la carga que eran bobinas. Personal Policial y de Bomberos trabajaron en el lugar. No hubo corte de ruta. [&hellip;]<\/p>\n","protected":false},"author":4,"featured_media":67370,"comment_status":"open","ping_status":"closed","sticky":false,"template":"","format":"standard","meta":{"om_disable_all_campaigns":false,"_jetpack_memberships_contains_paid_content":false,"footnotes":""},"categories":[621],"tags":[],"class_list":["post-67368","post","type-post","status-publish","format-standard","has-post-thumbnail","hentry","category-regionales"],"aioseo_notices":[],"gutentor_comment":0,"jetpack_featured_media_url":"https:\/\/eldiariodesanpedro.com.ar\/sitio\/wp-content\/uploads\/2020\/01\/WhatsApp-Image-2020-01-20-at-18.51.10.jpeg","jetpack_shortlink":"https:\/\/wp.me\/p6RhLt-hwA","jetpack_sharing_enabled":true,"_links":{"self":[{"href":"https:\/\/eldiariodesanpedro.com.ar\/sitio\/wp-json\/wp\/v2\/posts\/67368","targetHints":{"allow":["GET"]}}],"collection":[{"href":"https:\/\/eldiariodesanpedro.com.ar\/sitio\/wp-json\/wp\/v2\/posts"}],"about":[{"href":"https:\/\/eldiariodesanpedro.com.ar\/sitio\/wp-json\/wp\/v2\/types\/post"}],"author":[{"embeddable":true,"href":"https:\/\/eldiariodesanpedro.com.ar\/sitio\/wp-json\/wp\/v2\/users\/4"}],"replies":[{"embeddable":true,"href":"https:\/\/eldiariodesanpedro.com.ar\/sitio\/wp-json\/wp\/v2\/comments?post=67368"}],"version-history":[{"count":1,"href":"https:\/\/eldiariodesanpedro.com.ar\/sitio\/wp-json\/wp\/v2\/posts\/67368\/revisions"}],"predecessor-version":[{"id":67371,"href":"https:\/\/eldiariodesanpedro.com.ar\/sitio\/wp-json\/wp\/v2\/posts\/67368\/revisions\/67371"}],"wp:featuredmedia":[{"embeddable":true,"href":"https:\/\/eldiariodesanpedro.com.ar\/sitio\/wp-json\/wp\/v2\/media\/67370"}],"wp:attachment":[{"href":"https:\/\/eldiariodesanpedro.com.ar\/sitio\/wp-json\/wp\/v2\/media?parent=67368"}],"wp:term":[{"taxonomy":"category","embeddable":true,"href":"https:\/\/eldiariodesanpedro.com.ar\/sitio\/wp-json\/wp\/v2\/categories?post=67368"},{"taxonomy":"post_tag","embeddable":true,"href":"https:\/\/eldiariodesanpedro.com.ar\/sitio\/wp-json\/wp\/v2\/tags?post=67368"}],"curies":[{"name":"wp","href":"https:\/\/api.w.org\/{rel}","templated":true}]}}