{"id":67364,"date":"2020-01-21T10:00:42","date_gmt":"2020-01-21T13:00:42","guid":{"rendered":"https:\/\/eldiariodesanpedro.com.ar\/sitio\/?p=67364"},"modified":"2020-01-21T10:00:43","modified_gmt":"2020-01-21T13:00:43","slug":"baradero-otra-vez-apand-denuncia-que-su-sobrino-fue-lastimado-en-uno-de-los-hogares","status":"publish","type":"post","link":"https:\/\/eldiariodesanpedro.com.ar\/sitio\/baradero-otra-vez-apand-denuncia-que-su-sobrino-fue-lastimado-en-uno-de-los-hogares\/","title":{"rendered":"BARADERO | Otra vez Apand: denuncia que su sobrino fue lastimado en uno de los hogares"},"content":{"rendered":"<!-- VideographyWP Plugin Message: Automatic video embedding prevented by plugin options. -->\n\n<p>El menor de 15 a\u00f1os padece un retraso madurativo. Est\u00e1 alojado hace dos a\u00f1os en uno de los hogares que la instituci\u00f3n tiene en Baradero. El fin de semana su t\u00eda hizo p\u00fablica la denuncia a trav\u00e9s de un mensaje en Facebook.<\/p>\n\n\n\n<p>Asegura que \u201cuna persona le envi\u00f3 las fotos y que el chico relat\u00f3 que lo maltrataron\u201d.<\/p>\n\n\n\n<p>\u201cMe cuentan que en el hogar cambiaron de directora y que la nueva tiene las u\u00f1as largas. Le lastim\u00f3 el labio y adem\u00e1s el cuidador lo trata mal\u201d, dijo la mujer en di\u00e1logo con Tu Radio.<\/p>\n\n\n\n<p>Silvana Acosta reside en Los Toldos y ella, como su familia, se les dificulta llegar a Baradero para ver a su sobrino. Se\u00f1alan que \u201cel nene tiene una curadora\u201d y que ahora esperan respuestas de esta situaci\u00f3n.<\/p>\n\n\n\n<p>Adem\u00e1s que har\u00e1n llegar a la justicia lo ocurrido.<\/p>\n\n\n\n<figure class=\"wp-block-image size-large\"><img decoding=\"async\" width=\"480\" height=\"752\" data-attachment-id=\"67365\" data-permalink=\"https:\/\/eldiariodesanpedro.com.ar\/sitio\/baradero-otra-vez-apand-denuncia-que-su-sobrino-fue-lastimado-en-uno-de-los-hogares\/83563108_2230481527261612_3696123622281183232_o-1\/\" data-orig-file=\"https:\/\/eldiariodesanpedro.com.ar\/sitio\/wp-content\/uploads\/2020\/01\/83563108_2230481527261612_3696123622281183232_o-1.jpg\" data-orig-size=\"480,752\" data-comments-opened=\"1\" data-image-meta=\"{&quot;aperture&quot;:&quot;0&quot;,&quot;credit&quot;:&quot;&quot;,&quot;camera&quot;:&quot;&quot;,&quot;caption&quot;:&quot;&quot;,&quot;created_timestamp&quot;:&quot;0&quot;,&quot;copyright&quot;:&quot;&quot;,&quot;focal_length&quot;:&quot;0&quot;,&quot;iso&quot;:&quot;0&quot;,&quot;shutter_speed&quot;:&quot;0&quot;,&quot;title&quot;:&quot;&quot;,&quot;orientation&quot;:&quot;0&quot;}\" data-image-title=\"83563108_2230481527261612_3696123622281183232_o-1\" data-image-description=\"\" data-image-caption=\"\" data-large-file=\"https:\/\/eldiariodesanpedro.com.ar\/sitio\/wp-content\/uploads\/2020\/01\/83563108_2230481527261612_3696123622281183232_o-1.jpg\" data-src=\"https:\/\/eldiariodesanpedro.com.ar\/sitio\/wp-content\/uploads\/2020\/01\/83563108_2230481527261612_3696123622281183232_o-1.jpg\" alt=\"\" class=\"wp-image-67365 lazyload\" data-srcset=\"https:\/\/eldiariodesanpedro.com.ar\/sitio\/wp-content\/uploads\/2020\/01\/83563108_2230481527261612_3696123622281183232_o-1.jpg 480w, https:\/\/eldiariodesanpedro.com.ar\/sitio\/wp-content\/uploads\/2020\/01\/83563108_2230481527261612_3696123622281183232_o-1-191x300.jpg 191w\" data-sizes=\"(max-width: 480px) 100vw, 480px\" src=\"data:image\/svg+xml;base64,PHN2ZyB3aWR0aD0iMSIgaGVpZ2h0PSIxIiB4bWxucz0iaHR0cDovL3d3dy53My5vcmcvMjAwMC9zdmciPjwvc3ZnPg==\" style=\"--smush-placeholder-width: 480px; --smush-placeholder-aspect-ratio: 480\/752;\" \/><\/figure>\n","protected":false},"excerpt":{"rendered":"<p>El menor de 15 a\u00f1os padece un retraso madurativo. Est\u00e1 alojado hace dos a\u00f1os en uno de los hogares que la instituci\u00f3n tiene en Baradero. El fin de semana su t\u00eda hizo p\u00fablica la denuncia a trav\u00e9s de un mensaje en Facebook. Asegura que \u201cuna persona le envi\u00f3 las fotos y que el chico relat\u00f3 [&hellip;]<\/p>\n","protected":false},"author":4,"featured_media":67366,"comment_status":"open","ping_status":"closed","sticky":false,"template":"","format":"standard","meta":{"om_disable_all_campaigns":false,"_jetpack_memberships_contains_paid_content":false,"footnotes":""},"categories":[621],"tags":[],"class_list":["post-67364","post","type-post","status-publish","format-standard","has-post-thumbnail","hentry","category-regionales"],"aioseo_notices":[],"gutentor_comment":0,"jetpack_featured_media_url":"https:\/\/eldiariodesanpedro.com.ar\/sitio\/wp-content\/uploads\/2020\/01\/Entrada-Apand-Baradero.jpg","jetpack_shortlink":"https:\/\/wp.me\/p6RhLt-hww","jetpack_sharing_enabled":true,"_links":{"self":[{"href":"https:\/\/eldiariodesanpedro.com.ar\/sitio\/wp-json\/wp\/v2\/posts\/67364","targetHints":{"allow":["GET"]}}],"collection":[{"href":"https:\/\/eldiariodesanpedro.com.ar\/sitio\/wp-json\/wp\/v2\/posts"}],"about":[{"href":"https:\/\/eldiariodesanpedro.com.ar\/sitio\/wp-json\/wp\/v2\/types\/post"}],"author":[{"embeddable":true,"href":"https:\/\/eldiariodesanpedro.com.ar\/sitio\/wp-json\/wp\/v2\/users\/4"}],"replies":[{"embeddable":true,"href":"https:\/\/eldiariodesanpedro.com.ar\/sitio\/wp-json\/wp\/v2\/comments?post=67364"}],"version-history":[{"count":1,"href":"https:\/\/eldiariodesanpedro.com.ar\/sitio\/wp-json\/wp\/v2\/posts\/67364\/revisions"}],"predecessor-version":[{"id":67367,"href":"https:\/\/eldiariodesanpedro.com.ar\/sitio\/wp-json\/wp\/v2\/posts\/67364\/revisions\/67367"}],"wp:featuredmedia":[{"embeddable":true,"href":"https:\/\/eldiariodesanpedro.com.ar\/sitio\/wp-json\/wp\/v2\/media\/67366"}],"wp:attachment":[{"href":"https:\/\/eldiariodesanpedro.com.ar\/sitio\/wp-json\/wp\/v2\/media?parent=67364"}],"wp:term":[{"taxonomy":"category","embeddable":true,"href":"https:\/\/eldiariodesanpedro.com.ar\/sitio\/wp-json\/wp\/v2\/categories?post=67364"},{"taxonomy":"post_tag","embeddable":true,"href":"https:\/\/eldiariodesanpedro.com.ar\/sitio\/wp-json\/wp\/v2\/tags?post=67364"}],"curies":[{"name":"wp","href":"https:\/\/api.w.org\/{rel}","templated":true}]}}