{"id":67361,"date":"2020-01-21T09:56:26","date_gmt":"2020-01-21T12:56:26","guid":{"rendered":"https:\/\/eldiariodesanpedro.com.ar\/sitio\/?p=67361"},"modified":"2020-01-21T09:56:32","modified_gmt":"2020-01-21T12:56:32","slug":"pergamino-murio-un-nene-que-cayo-a-una-pileta-en-pergamino","status":"publish","type":"post","link":"https:\/\/eldiariodesanpedro.com.ar\/sitio\/pergamino-murio-un-nene-que-cayo-a-una-pileta-en-pergamino\/","title":{"rendered":"PERGAMINO | Muri\u00f3 un nene que cay\u00f3 a una pileta en Pergamino"},"content":{"rendered":"<!-- VideographyWP Plugin Message: Automatic video embedding prevented by plugin options. -->\n\n<p>Este domingo se confirm\u00f3 la triste noticia del fallecimiento de un ni\u00f1o de 4 a\u00f1os que cay\u00f3 a la pileta de su casa el viernes a la tarde en el barrio Belgrano de Pergamino.<\/p>\n\n\n\n<p>La v\u00edctima, identificado como \u00c1ngel Cuello, ten\u00eda una discapacidad que le afectaba la movilidad; de forma que para desenvolverse requer\u00eda asistencia de sus familiares y dispositivos mec\u00e1nicos.<\/p>\n\n\n\n<p>La comunicaci\u00f3n oficial la dio a conocer la m\u00e9dica de la sala de cuidados de ni\u00f1os al jefe de la Comisar\u00eda Segunda, comisario Carlos Mat\u00edas Adaro, a las 6:15 del domingo.<\/p>\n\n\n\n<p>El ni\u00f1o de cuatro a\u00f1os, con discapacidad, sufri\u00f3 un grave accidente dom\u00e9stico en una pileta y fue asistido de urgencia en el centro de salud de nuestra ciudad.<\/p>\n\n\n\n<p>En un descuido el peque\u00f1o habr\u00eda ca\u00eddo de una silla a una pileta y tuvo que ser rescatado por familiares del interior del agua. La pileta de lona estar\u00eda llena y se desconoce si al momento de caer al agua habr\u00eda otro familiar que pudiera actuar r\u00e1pidamente para asistirlo en los primeros segundos.<\/p>\n\n\n\n<p>Los integrantes del grupo familiar lo trasladaron a la guardia del Hospital San Jos\u00e9 para que lograran reanimarlo y volverlo en s\u00ed.<\/p>\n\n\n\n<p>En el shock room del centro de salud intervinieron m\u00e9dicos de urgencias pedi\u00e1tricos y de adultos durante aproximadamente veinte minutos con maniobras de resucitaci\u00f3n cardio pulmonar.<\/p>\n\n\n\n<p>Finalmente lograron reanimarlo y lo trasladaron a la sala de cuidados intensivos pedi\u00e1tricos, donde no sobrevivi\u00f3 a las agudas secuelas sufridas en el siniestro.<\/p>\n\n\n\n<p>En la autopsia, los forenses determinaron el deceso del ni\u00f1o por paro cardiorrespiratorio consecuencia de anoxia cerebral por sumersi\u00f3n.<\/p>\n\n\n\n<p>Fuente: Semanario del Tiempo<\/p>\n","protected":false},"excerpt":{"rendered":"<p>Este domingo se confirm\u00f3 la triste noticia del fallecimiento de un ni\u00f1o de 4 a\u00f1os que cay\u00f3 a la pileta de su casa el viernes a la tarde en el barrio Belgrano de Pergamino. La v\u00edctima, identificado como \u00c1ngel Cuello, ten\u00eda una discapacidad que le afectaba la movilidad; de forma que para desenvolverse requer\u00eda asistencia [&hellip;]<\/p>\n","protected":false},"author":4,"featured_media":67362,"comment_status":"open","ping_status":"closed","sticky":false,"template":"","format":"standard","meta":{"om_disable_all_campaigns":false,"_jetpack_memberships_contains_paid_content":false,"footnotes":""},"categories":[621],"tags":[],"class_list":["post-67361","post","type-post","status-publish","format-standard","has-post-thumbnail","hentry","category-regionales"],"aioseo_notices":[],"gutentor_comment":0,"jetpack_featured_media_url":"https:\/\/eldiariodesanpedro.com.ar\/sitio\/wp-content\/uploads\/2020\/01\/hospital-san-jose-pergamino.jpg","jetpack_shortlink":"https:\/\/wp.me\/p6RhLt-hwt","jetpack_sharing_enabled":true,"_links":{"self":[{"href":"https:\/\/eldiariodesanpedro.com.ar\/sitio\/wp-json\/wp\/v2\/posts\/67361","targetHints":{"allow":["GET"]}}],"collection":[{"href":"https:\/\/eldiariodesanpedro.com.ar\/sitio\/wp-json\/wp\/v2\/posts"}],"about":[{"href":"https:\/\/eldiariodesanpedro.com.ar\/sitio\/wp-json\/wp\/v2\/types\/post"}],"author":[{"embeddable":true,"href":"https:\/\/eldiariodesanpedro.com.ar\/sitio\/wp-json\/wp\/v2\/users\/4"}],"replies":[{"embeddable":true,"href":"https:\/\/eldiariodesanpedro.com.ar\/sitio\/wp-json\/wp\/v2\/comments?post=67361"}],"version-history":[{"count":1,"href":"https:\/\/eldiariodesanpedro.com.ar\/sitio\/wp-json\/wp\/v2\/posts\/67361\/revisions"}],"predecessor-version":[{"id":67363,"href":"https:\/\/eldiariodesanpedro.com.ar\/sitio\/wp-json\/wp\/v2\/posts\/67361\/revisions\/67363"}],"wp:featuredmedia":[{"embeddable":true,"href":"https:\/\/eldiariodesanpedro.com.ar\/sitio\/wp-json\/wp\/v2\/media\/67362"}],"wp:attachment":[{"href":"https:\/\/eldiariodesanpedro.com.ar\/sitio\/wp-json\/wp\/v2\/media?parent=67361"}],"wp:term":[{"taxonomy":"category","embeddable":true,"href":"https:\/\/eldiariodesanpedro.com.ar\/sitio\/wp-json\/wp\/v2\/categories?post=67361"},{"taxonomy":"post_tag","embeddable":true,"href":"https:\/\/eldiariodesanpedro.com.ar\/sitio\/wp-json\/wp\/v2\/tags?post=67361"}],"curies":[{"name":"wp","href":"https:\/\/api.w.org\/{rel}","templated":true}]}}