{"id":67350,"date":"2020-01-21T09:46:46","date_gmt":"2020-01-21T12:46:46","guid":{"rendered":"https:\/\/eldiariodesanpedro.com.ar\/sitio\/?p=67350"},"modified":"2020-01-21T09:46:54","modified_gmt":"2020-01-21T12:46:54","slug":"ramallo-prefectura-rescato-un-perro-en-el-rio-parana","status":"publish","type":"post","link":"https:\/\/eldiariodesanpedro.com.ar\/sitio\/ramallo-prefectura-rescato-un-perro-en-el-rio-parana\/","title":{"rendered":"RAMALLO | Prefectura rescat\u00f3 un perro en el r\u00edo Paran\u00e1"},"content":{"rendered":"<!-- VideographyWP Plugin Message: Automatic video embedding prevented by plugin options. -->\n\n<p> Personal de Prefectura Ramallo rescat\u00f3 de las aguas del r\u00edo Paran\u00e1 un perro que nadaba cansado a la deriva. El video quedo registrado en las redes sociales. <\/p>\n\n\n\n<p>Fuente: Ramallo Ciudad<\/p>\n\n\n\n<figure class=\"wp-block-embed-facebook wp-block-embed is-type-video is-provider-facebook\"><div class=\"wp-block-embed__wrapper\">\n<div class=\"fb-video\" data-allowfullscreen=\"true\" data-href=\"https:\/\/www.facebook.com\/noticiasramallo\/videos\/2638454046384207\/\" style=\"background-color: #fff; display: inline-block;\"><\/div>\n<\/div><\/figure>\n","protected":false},"excerpt":{"rendered":"<p>Personal de Prefectura Ramallo rescat\u00f3 de las aguas del r\u00edo Paran\u00e1 un perro que nadaba cansado a la deriva. El video quedo registrado en las redes sociales. Fuente: Ramallo Ciudad<\/p>\n","protected":false},"author":4,"featured_media":67352,"comment_status":"open","ping_status":"closed","sticky":false,"template":"","format":"standard","meta":{"om_disable_all_campaigns":false,"_jetpack_memberships_contains_paid_content":false,"footnotes":""},"categories":[621],"tags":[],"class_list":["post-67350","post","type-post","status-publish","format-standard","has-post-thumbnail","hentry","category-regionales"],"aioseo_notices":[],"gutentor_comment":0,"jetpack_featured_media_url":"https:\/\/eldiariodesanpedro.com.ar\/sitio\/wp-content\/uploads\/2020\/01\/perro-rio.jpg","jetpack_shortlink":"https:\/\/wp.me\/p6RhLt-hwi","jetpack_sharing_enabled":true,"_links":{"self":[{"href":"https:\/\/eldiariodesanpedro.com.ar\/sitio\/wp-json\/wp\/v2\/posts\/67350","targetHints":{"allow":["GET"]}}],"collection":[{"href":"https:\/\/eldiariodesanpedro.com.ar\/sitio\/wp-json\/wp\/v2\/posts"}],"about":[{"href":"https:\/\/eldiariodesanpedro.com.ar\/sitio\/wp-json\/wp\/v2\/types\/post"}],"author":[{"embeddable":true,"href":"https:\/\/eldiariodesanpedro.com.ar\/sitio\/wp-json\/wp\/v2\/users\/4"}],"replies":[{"embeddable":true,"href":"https:\/\/eldiariodesanpedro.com.ar\/sitio\/wp-json\/wp\/v2\/comments?post=67350"}],"version-history":[{"count":1,"href":"https:\/\/eldiariodesanpedro.com.ar\/sitio\/wp-json\/wp\/v2\/posts\/67350\/revisions"}],"predecessor-version":[{"id":67353,"href":"https:\/\/eldiariodesanpedro.com.ar\/sitio\/wp-json\/wp\/v2\/posts\/67350\/revisions\/67353"}],"wp:featuredmedia":[{"embeddable":true,"href":"https:\/\/eldiariodesanpedro.com.ar\/sitio\/wp-json\/wp\/v2\/media\/67352"}],"wp:attachment":[{"href":"https:\/\/eldiariodesanpedro.com.ar\/sitio\/wp-json\/wp\/v2\/media?parent=67350"}],"wp:term":[{"taxonomy":"category","embeddable":true,"href":"https:\/\/eldiariodesanpedro.com.ar\/sitio\/wp-json\/wp\/v2\/categories?post=67350"},{"taxonomy":"post_tag","embeddable":true,"href":"https:\/\/eldiariodesanpedro.com.ar\/sitio\/wp-json\/wp\/v2\/tags?post=67350"}],"curies":[{"name":"wp","href":"https:\/\/api.w.org\/{rel}","templated":true}]}}