{"id":67347,"date":"2020-01-21T09:43:48","date_gmt":"2020-01-21T12:43:48","guid":{"rendered":"https:\/\/eldiariodesanpedro.com.ar\/sitio\/?p=67347"},"modified":"2020-01-21T09:43:52","modified_gmt":"2020-01-21T12:43:52","slug":"ramallo-bomberos-voluntarios-se-instalo-en-su-nuevo-edificio","status":"publish","type":"post","link":"https:\/\/eldiariodesanpedro.com.ar\/sitio\/ramallo-bomberos-voluntarios-se-instalo-en-su-nuevo-edificio\/","title":{"rendered":"RAMALLO | Bomberos Voluntarios se instal\u00f3 en su nuevo edificio"},"content":{"rendered":"<!-- VideographyWP Plugin Message: Automatic video embedding prevented by plugin options. -->\n\n<p> La Jefatura de Bomberos Voluntarios inform\u00f3 sobre el traslado definitivo de todas las dependencias del cuartel a su nuevo edificio, ubicado en calle De Zavaleta y H.N B\u00e1ez, de Villa Ramallo, frente al antiguo cuartel. A partir de ahora, toda la actividad del cuerpo funcionaran en el nuevo edificio, que se ven\u00eda utilizando a medias hace unos a\u00f1os. <\/p>\n\n\n\n<p> Desde Bomberos informaron que \u201cla jefatura de cuerpo de Bomberos Voluntarios de Ramallo informa a la poblaci\u00f3n que se realiz\u00f3 el traslado definitivo a las instalaciones del nuevo cuartel ubicado sobre calle De Zabaleta intersecci\u00f3n con H N B\u00e1ez. En caso de necesitar concurrir al nuevo edificio hacerlo por calle B\u00e1ez que es donde est\u00e1 el ingreso principal y la guardia preventiva\u201d. <\/p>\n\n\n\n<p> \u201cLos tel\u00e9fonos 488222 y 100 (emergencias) y la frecuencia radial se pasaron de forma inmediata al traspaso quedando operativos desde horas del mediod\u00eda\u201d detallaron los Bomberos. <\/p>\n\n\n\n<p> Ahora el cuerpo de Bomberos Voluntarios de Villa Ramallo cuenta con un edificio acorde a las necesidades de los oficiales, con vestuarios para caballeros y damas, galp\u00f3n m\u00e1s amplio, donde est\u00e1n todos los m\u00f3viles y herramientas, boca de agua propia, y patio de entrenamientos. <\/p>\n\n\n\n<p>Fuente: Ramallo Ciudad<\/p>\n","protected":false},"excerpt":{"rendered":"<p>La Jefatura de Bomberos Voluntarios inform\u00f3 sobre el traslado definitivo de todas las dependencias del cuartel a su nuevo edificio, ubicado en calle De Zavaleta y H.N B\u00e1ez, de Villa Ramallo, frente al antiguo cuartel. A partir de ahora, toda la actividad del cuerpo funcionaran en el nuevo edificio, que se ven\u00eda utilizando a medias [&hellip;]<\/p>\n","protected":false},"author":4,"featured_media":67348,"comment_status":"open","ping_status":"closed","sticky":false,"template":"","format":"standard","meta":{"om_disable_all_campaigns":false,"_jetpack_memberships_contains_paid_content":false,"footnotes":""},"categories":[621],"tags":[],"class_list":["post-67347","post","type-post","status-publish","format-standard","has-post-thumbnail","hentry","category-regionales"],"aioseo_notices":[],"gutentor_comment":0,"jetpack_featured_media_url":"https:\/\/eldiariodesanpedro.com.ar\/sitio\/wp-content\/uploads\/2020\/01\/11825803_1635474896669250_1656497948419067430_n.jpg","jetpack_shortlink":"https:\/\/wp.me\/p6RhLt-hwf","jetpack_sharing_enabled":true,"_links":{"self":[{"href":"https:\/\/eldiariodesanpedro.com.ar\/sitio\/wp-json\/wp\/v2\/posts\/67347","targetHints":{"allow":["GET"]}}],"collection":[{"href":"https:\/\/eldiariodesanpedro.com.ar\/sitio\/wp-json\/wp\/v2\/posts"}],"about":[{"href":"https:\/\/eldiariodesanpedro.com.ar\/sitio\/wp-json\/wp\/v2\/types\/post"}],"author":[{"embeddable":true,"href":"https:\/\/eldiariodesanpedro.com.ar\/sitio\/wp-json\/wp\/v2\/users\/4"}],"replies":[{"embeddable":true,"href":"https:\/\/eldiariodesanpedro.com.ar\/sitio\/wp-json\/wp\/v2\/comments?post=67347"}],"version-history":[{"count":1,"href":"https:\/\/eldiariodesanpedro.com.ar\/sitio\/wp-json\/wp\/v2\/posts\/67347\/revisions"}],"predecessor-version":[{"id":67349,"href":"https:\/\/eldiariodesanpedro.com.ar\/sitio\/wp-json\/wp\/v2\/posts\/67347\/revisions\/67349"}],"wp:featuredmedia":[{"embeddable":true,"href":"https:\/\/eldiariodesanpedro.com.ar\/sitio\/wp-json\/wp\/v2\/media\/67348"}],"wp:attachment":[{"href":"https:\/\/eldiariodesanpedro.com.ar\/sitio\/wp-json\/wp\/v2\/media?parent=67347"}],"wp:term":[{"taxonomy":"category","embeddable":true,"href":"https:\/\/eldiariodesanpedro.com.ar\/sitio\/wp-json\/wp\/v2\/categories?post=67347"},{"taxonomy":"post_tag","embeddable":true,"href":"https:\/\/eldiariodesanpedro.com.ar\/sitio\/wp-json\/wp\/v2\/tags?post=67347"}],"curies":[{"name":"wp","href":"https:\/\/api.w.org\/{rel}","templated":true}]}}