{"id":67345,"date":"2020-01-21T10:13:19","date_gmt":"2020-01-21T13:13:19","guid":{"rendered":"https:\/\/eldiariodesanpedro.com.ar\/sitio\/?p=67345"},"modified":"2020-01-21T10:23:03","modified_gmt":"2020-01-21T13:23:03","slug":"la-joven-de-cordoba-habria-conocido-a-un-sampedrino-quien-la-engano","status":"publish","type":"post","link":"https:\/\/eldiariodesanpedro.com.ar\/sitio\/la-joven-de-cordoba-habria-conocido-a-un-sampedrino-quien-la-engano\/","title":{"rendered":"La joven de C\u00f3rdoba habr\u00eda conocido a un sampedrino quien la enga\u00f1\u00f3"},"content":{"rendered":"<!-- VideographyWP Plugin Message: Automatic video embedding prevented by plugin options. -->\n\n<p>El sujeto oriundo de nuestra ciudad le habria prometido un mejor pasar. <\/p>\n\n\n\n<p>Sub DDI Baradero comunica que el d\u00eda domingo, en horas de la ma\u00f1ana toma intervenci\u00f3n en denuncia radicada en sede de la Comisar\u00eda de la Mujer y la Familia de San Pedro por parte de una joven mayor de edad de sexo femenino oriunda de la provincia de C\u00f3rdoba.<\/p>\n\n\n\n<p>En la denuncia la v\u00edctima (19) relata que en su lugar de origen conoce a una pareja nativa de esta ciudad durante el mes de diciembre pr\u00f3ximo pasado, quien la convence de volver a San Pedro con \u00e9l,\u00a0 con la promesa de un mejor pasar.\u00a0<br><\/p>\n\n\n\n<p>Una vez en San Pedro, la conducen a un domicilio que posteriormente es individualizado por el personal de la polic\u00eda de investigaciones, mismo situado en la calle Lavalle Nro. 450, donde adem\u00e1s de la pareja reside un sujeto masculino, siendo sometida y golpeada por estos por negarse a mantener relaciones sexuales con ellos y con terceras personas, est\u00e1s \u00faltimas a cambio de dinero, manteni\u00e9ndola all\u00ed contra su voluntad. <\/p>\n\n\n\n<p>Logrando en horas de la noche del lunes del corriente mes y a\u00f1o, escapar del lugar, obteniendo contenci\u00f3n en la Comisar\u00eda de la Mujer y Familia.<\/p>\n\n\n\n<p> En las actuaciones judiciales resultantes interviene U.F.I. Nro. 5 a cargo del Dr. Marcelo Manso, qui\u00e9n solicita al Juzgado de Garant\u00edas orden de allanamiento para dar con el domicilio de referencia anterior, medida la cual es efectivizada el d\u00eda 20 de enero por el personal de Investigaciones, en forma conjunta con personal de E. C. San Pedro, Cria. De la Mujer local y Polic\u00eda cient\u00edfica; logr\u00e1ndose el secuestro de efectos y documentaciones personales de la v\u00edctima, entre otros elementos de inter\u00e9s para la prosecuci\u00f3n de la causa. <\/p>\n\n\n\n<figure class=\"wp-block-image size-large\"><img decoding=\"async\" width=\"498\" height=\"1024\" data-attachment-id=\"67351\" data-permalink=\"https:\/\/eldiariodesanpedro.com.ar\/sitio\/la-joven-de-cordoba-habria-conocido-a-un-sampedrino-quien-la-engano\/whatsapp-image-2020-01-21-at-8-36-13-am\/\" data-orig-file=\"https:\/\/eldiariodesanpedro.com.ar\/sitio\/wp-content\/uploads\/2020\/01\/WhatsApp-Image-2020-01-21-at-8.36.13-AM.jpeg\" data-orig-size=\"502,1032\" data-comments-opened=\"1\" data-image-meta=\"{&quot;aperture&quot;:&quot;0&quot;,&quot;credit&quot;:&quot;&quot;,&quot;camera&quot;:&quot;&quot;,&quot;caption&quot;:&quot;&quot;,&quot;created_timestamp&quot;:&quot;0&quot;,&quot;copyright&quot;:&quot;&quot;,&quot;focal_length&quot;:&quot;0&quot;,&quot;iso&quot;:&quot;0&quot;,&quot;shutter_speed&quot;:&quot;0&quot;,&quot;title&quot;:&quot;&quot;,&quot;orientation&quot;:&quot;0&quot;}\" data-image-title=\"WhatsApp Image 2020-01-21 at 8.36.13 AM\" data-image-description=\"\" data-image-caption=\"\" data-large-file=\"https:\/\/eldiariodesanpedro.com.ar\/sitio\/wp-content\/uploads\/2020\/01\/WhatsApp-Image-2020-01-21-at-8.36.13-AM-498x1024.jpeg\" data-src=\"https:\/\/eldiariodesanpedro.com.ar\/sitio\/wp-content\/uploads\/2020\/01\/WhatsApp-Image-2020-01-21-at-8.36.13-AM-498x1024.jpeg\" alt=\"\" class=\"wp-image-67351 lazyload\" data-srcset=\"https:\/\/eldiariodesanpedro.com.ar\/sitio\/wp-content\/uploads\/2020\/01\/WhatsApp-Image-2020-01-21-at-8.36.13-AM-498x1024.jpeg 498w, https:\/\/eldiariodesanpedro.com.ar\/sitio\/wp-content\/uploads\/2020\/01\/WhatsApp-Image-2020-01-21-at-8.36.13-AM-146x300.jpeg 146w, https:\/\/eldiariodesanpedro.com.ar\/sitio\/wp-content\/uploads\/2020\/01\/WhatsApp-Image-2020-01-21-at-8.36.13-AM.jpeg 502w\" data-sizes=\"(max-width: 498px) 100vw, 498px\" src=\"data:image\/svg+xml;base64,PHN2ZyB3aWR0aD0iMSIgaGVpZ2h0PSIxIiB4bWxucz0iaHR0cDovL3d3dy53My5vcmcvMjAwMC9zdmciPjwvc3ZnPg==\" style=\"--smush-placeholder-width: 498px; --smush-placeholder-aspect-ratio: 498\/1024;\" \/><\/figure>\n\n\n\n<p>Adem\u00e1s se logra la identificaci\u00f3n de las personas denunciadas, las que son notificadas se la formaci\u00f3n de la causa (Art. 60 C.P.P.B.A.)<\/p>\n\n\n\n<p>Tras datos policiales se pudo establecer que la pareja seria la misma  que semanas atras fue detenida en Cura Brochero, Cordoba por robar en locales de ropa, y ademas fueron noticia en otro medio de comunicacion por dejar a su hijo de 7 a\u00f1os bajo el cuidado de otros.<\/p>\n\n\n\n<p><strong>C\u00f3digo Procesal Penal Buenos Aires<br>Art\u00edculo 60. Calidad. Instancias<\/strong><\/p>\n\n\n\n<p>Se considerar\u00e1 imputado a toda persona que en cualquier acto o procedimiento se lo indique o detenga como autor o part\u00edcipe de la comisi\u00f3n de un delito. Los derechos que este C\u00f3digo acuerda al imputado podr\u00e1 hacerlos valer cualquier persona que sea detenida o indicada de cualquier forma como part\u00edcipe de un hecho delictuoso desde el primer momento de la persecuci\u00f3n penal dirigida en su contra.<\/p>\n\n\n\n<p>Cuando estuviere detenido, el imputado podr\u00e1 formular sus instancias ante el funcionario encargado de la custodia, quien las comunicar\u00e1 inmediatamente al \u00f3rgano interviniente. Desde el mismo momento de la detenci\u00f3n o, no siendo detenible el delito desde la primera diligencia practicada con el imputado, \u00e9ste deber\u00e1 ser anoticiado por la autoridad que intervenga que goza de las siguientes garant\u00edas m\u00ednimas:<\/p>\n\n\n\n<p>1.- Ser informado sin demora, en un idioma que comprenda y en forma detallada, de la naturaleza y causas de los cargos que se le imputan.<\/p>\n\n\n\n<p>2.- A comunicarse libremente con un letrado de su elecci\u00f3n, y que le asiste el derecho de ser asistido y comunicado con el Defensor Oficial. Si fuese nacional extranjero el derecho que le asiste de comunicarse con el C\u00f3nsul de su pa\u00eds.<\/p>\n\n\n\n<p>3.- Que no est\u00e1 obligado a declarar contra s\u00ed mismo ni a confesarse culpable.<\/p>\n\n\n\n<p>4.- Los derechos que le asisten con relaci\u00f3n al responsable civil del hecho por el que se lo imputa -si lo hubiere- y tambi\u00e9n respecto del asegurador, en caso de existir contrato, como asimismo los derechos que le asisten respecto de requerir al asegurador que asuma su defensa penal.<br>Lea m\u00e1s:\u00a0<a href=\"https:\/\/leyes-ar.com\/codigo_procesal_penal_buenos_aires\/60.htm\">https:\/\/leyes-ar.com\/codigo_procesal_penal_buenos_aires\/60.htm<\/a><\/p>\n","protected":false},"excerpt":{"rendered":"<p>El sujeto oriundo de nuestra ciudad le habria prometido un mejor pasar. Sub DDI Baradero comunica que el d\u00eda domingo, en horas de la ma\u00f1ana toma intervenci\u00f3n en denuncia radicada en sede de la Comisar\u00eda de la Mujer y la Familia de San Pedro por parte de una joven mayor de edad de sexo femenino [&hellip;]<\/p>\n","protected":false},"author":4,"featured_media":67369,"comment_status":"open","ping_status":"closed","sticky":false,"template":"","format":"standard","meta":{"om_disable_all_campaigns":false,"_jetpack_memberships_contains_paid_content":false,"footnotes":""},"categories":[50,2,103],"tags":[],"class_list":["post-67345","post","type-post","status-publish","format-standard","has-post-thumbnail","hentry","category-destacadas","category-locales","category-policiales-locales"],"aioseo_notices":[],"gutentor_comment":0,"jetpack_featured_media_url":"https:\/\/eldiariodesanpedro.com.ar\/sitio\/wp-content\/uploads\/2020\/01\/trata-de-personas-6.jpg","jetpack_shortlink":"https:\/\/wp.me\/p6RhLt-hwd","jetpack_sharing_enabled":true,"_links":{"self":[{"href":"https:\/\/eldiariodesanpedro.com.ar\/sitio\/wp-json\/wp\/v2\/posts\/67345","targetHints":{"allow":["GET"]}}],"collection":[{"href":"https:\/\/eldiariodesanpedro.com.ar\/sitio\/wp-json\/wp\/v2\/posts"}],"about":[{"href":"https:\/\/eldiariodesanpedro.com.ar\/sitio\/wp-json\/wp\/v2\/types\/post"}],"author":[{"embeddable":true,"href":"https:\/\/eldiariodesanpedro.com.ar\/sitio\/wp-json\/wp\/v2\/users\/4"}],"replies":[{"embeddable":true,"href":"https:\/\/eldiariodesanpedro.com.ar\/sitio\/wp-json\/wp\/v2\/comments?post=67345"}],"version-history":[{"count":2,"href":"https:\/\/eldiariodesanpedro.com.ar\/sitio\/wp-json\/wp\/v2\/posts\/67345\/revisions"}],"predecessor-version":[{"id":67373,"href":"https:\/\/eldiariodesanpedro.com.ar\/sitio\/wp-json\/wp\/v2\/posts\/67345\/revisions\/67373"}],"wp:featuredmedia":[{"embeddable":true,"href":"https:\/\/eldiariodesanpedro.com.ar\/sitio\/wp-json\/wp\/v2\/media\/67369"}],"wp:attachment":[{"href":"https:\/\/eldiariodesanpedro.com.ar\/sitio\/wp-json\/wp\/v2\/media?parent=67345"}],"wp:term":[{"taxonomy":"category","embeddable":true,"href":"https:\/\/eldiariodesanpedro.com.ar\/sitio\/wp-json\/wp\/v2\/categories?post=67345"},{"taxonomy":"post_tag","embeddable":true,"href":"https:\/\/eldiariodesanpedro.com.ar\/sitio\/wp-json\/wp\/v2\/tags?post=67345"}],"curies":[{"name":"wp","href":"https:\/\/api.w.org\/{rel}","templated":true}]}}