{"id":67336,"date":"2020-01-21T09:29:24","date_gmt":"2020-01-21T12:29:24","guid":{"rendered":"https:\/\/eldiariodesanpedro.com.ar\/sitio\/?p=67336"},"modified":"2020-01-21T09:29:29","modified_gmt":"2020-01-21T12:29:29","slug":"centro-de-comercio-informe-de-gestion-2019","status":"publish","type":"post","link":"https:\/\/eldiariodesanpedro.com.ar\/sitio\/centro-de-comercio-informe-de-gestion-2019\/","title":{"rendered":"Centro de Comercio: Informe de Gesti\u00f3n 2019"},"content":{"rendered":"<!-- VideographyWP Plugin Message: Automatic video embedding prevented by plugin options. -->\n\n<p> Desde el Centro de Comercio Industria y Turismo de San Pedro enviamos el informe de gesti\u00f3n para compartir con ustedes un res\u00famen de las actividades desarrolladas durante el a\u00f1o 2019.\u00a0<\/p>\n\n\n\n<p>Iniciamos la nueva gesti\u00f3n del Centro de Comercio e Industria de San Pedro en Marzo del 2019 con la misi\u00f3n de fortalecer los sectores comerciales, industriales y tur\u00edsticos de nuestra ciudad y el Partido de San Pedro desde una construcci\u00f3n colectiva considerando \u00e9sta, la mejor manera de encontrar soluciones en un a\u00f1o de extremas dificultades para el crecimiento de la econom\u00eda agravada por la incertidumbre pol\u00edtica y econ\u00f3mica con la que se recorri\u00f3 durante todo el a\u00f1o.<\/p>\n\n\n\n<p>En este contexto supimos escuchar a todos los sectores<br> el cual nos puso al frente de una activa participaci\u00f3n con<br> la responsabilidad y compromiso Institucional de contribuir a las soluciones en temas de car\u00e1cter comercial, industrial, seguridad, presupuesto p\u00fablico, desarrollo territorial, desarrollo tur\u00edstico, portuario, atracci\u00f3n de inversiones, entre muchos otros, con incondicional disposici\u00f3n con nuestros pares Institucionales y el Estado Local.<\/p>\n\n\n\n<p>Buscamos perfeccionar la atenci\u00f3n a los socios y a la sociedad en general con nuevos sistemas e implementando tecnolog\u00edas que facilitaron la tarea interna en beneficio de una mejora continua administrativa y de servicios, sumando nuevas herramientas de gesti\u00f3n y redise\u00f1ando metodolog\u00edas de trabajo.<\/p>\n\n\n\n<p>Convencidos que la educaci\u00f3n es de vital importancia para el crecimiento logramos aplicar planes de capacitaci\u00f3n en diversos temas y convenios para titulaciones universitarias, como tambi\u00e9n, instalar temas de car\u00e1cter internacional como el Acuerdo UE- MERCOSUR sum\u00e1ndonos a otros encuentros de agenda nacional e internacional.<\/p>\n\n\n\n<p>Llevamos adelante el fortalecimiento Institucional sumando la adhesi\u00f3n de la CGA Confederaci\u00f3n General Almacenera de la Rep\u00fablica Argentina y prontamente a  ADIBA (Asociaci\u00f3n de Industriales de la Provincia de Buenos Aires). Localmente logramos por Ley Provincial representaci\u00f3n formal de un Director como parte del CGPSP (Consorcio de Gesti\u00f3n del Puerto de San Pedro).<\/p>\n\n\n\n<p>En el a\u00f1o tuvimos honrosas visitas como la Ex Gobernadora de la Provincia de Buenos Aires Mar\u00eda Eugenia Vidal, autoridades locales, provinciales y nacionales, en el festejo de los 86 a\u00f1os de vida Institucional lo compartimos junto a Lalo Mir y un maravilloso evento del ABCDario del Rock con Nito Mestre entre muchas otras visitas prestigiosas que han visitado el Centro de Comercio, Industria y turismo.<\/p>\n\n\n\n<p>Para el a\u00f1o 2020 buscaremos desde la Instituci\u00f3n priorizar el impulsar el<br> desarrollo econ\u00f3mico de nuestros sectores a partir de nuevas iniciativas y<br> proyectos mejorando la representaci\u00f3n del Comercio e Industria en la sociedad con la llegada de J\u00f3venes Emprendedores, Mujeres Pymes Empresarias, Cooperaci\u00f3n Internacional, Centros Comerciales, Show Room Comercios, Congresos de Parques Industriales y Rondas de Negocios, Centro de Formaci\u00f3n T\u00e9cnica y Servicios a socios entre muchas actividades planificadas.<\/p>\n\n\n\n<p><br>Proseguiremos el mantener a los comercios e industrias con informaci\u00f3n<br> relevante y actualizada para la toma de decisiones, con un esquema de<br> formaci\u00f3n continua y sumando una gama de profesionales que desde la Entidad apoyen diferentes necesidades t\u00e9cnicas.<\/p>\n","protected":false},"excerpt":{"rendered":"<p>Desde el Centro de Comercio Industria y Turismo de San Pedro enviamos el informe de gesti\u00f3n para compartir con ustedes un res\u00famen de las actividades desarrolladas durante el a\u00f1o 2019.\u00a0 Iniciamos la nueva gesti\u00f3n del Centro de Comercio e Industria de San Pedro en Marzo del 2019 con la misi\u00f3n de fortalecer los sectores comerciales, [&hellip;]<\/p>\n","protected":false},"author":4,"featured_media":67337,"comment_status":"open","ping_status":"closed","sticky":false,"template":"","format":"standard","meta":{"om_disable_all_campaigns":false,"_jetpack_memberships_contains_paid_content":false,"footnotes":""},"categories":[101,2],"tags":[],"class_list":["post-67336","post","type-post","status-publish","format-standard","has-post-thumbnail","hentry","category-interes-general-locales","category-locales"],"aioseo_notices":[],"gutentor_comment":0,"jetpack_featured_media_url":"https:\/\/eldiariodesanpedro.com.ar\/sitio\/wp-content\/uploads\/2020\/01\/nota-1209623-renuncio-raul-cheyllada-partida-indeclinable-546591.jpg","jetpack_shortlink":"https:\/\/wp.me\/p6RhLt-hw4","jetpack_sharing_enabled":true,"_links":{"self":[{"href":"https:\/\/eldiariodesanpedro.com.ar\/sitio\/wp-json\/wp\/v2\/posts\/67336","targetHints":{"allow":["GET"]}}],"collection":[{"href":"https:\/\/eldiariodesanpedro.com.ar\/sitio\/wp-json\/wp\/v2\/posts"}],"about":[{"href":"https:\/\/eldiariodesanpedro.com.ar\/sitio\/wp-json\/wp\/v2\/types\/post"}],"author":[{"embeddable":true,"href":"https:\/\/eldiariodesanpedro.com.ar\/sitio\/wp-json\/wp\/v2\/users\/4"}],"replies":[{"embeddable":true,"href":"https:\/\/eldiariodesanpedro.com.ar\/sitio\/wp-json\/wp\/v2\/comments?post=67336"}],"version-history":[{"count":1,"href":"https:\/\/eldiariodesanpedro.com.ar\/sitio\/wp-json\/wp\/v2\/posts\/67336\/revisions"}],"predecessor-version":[{"id":67342,"href":"https:\/\/eldiariodesanpedro.com.ar\/sitio\/wp-json\/wp\/v2\/posts\/67336\/revisions\/67342"}],"wp:featuredmedia":[{"embeddable":true,"href":"https:\/\/eldiariodesanpedro.com.ar\/sitio\/wp-json\/wp\/v2\/media\/67337"}],"wp:attachment":[{"href":"https:\/\/eldiariodesanpedro.com.ar\/sitio\/wp-json\/wp\/v2\/media?parent=67336"}],"wp:term":[{"taxonomy":"category","embeddable":true,"href":"https:\/\/eldiariodesanpedro.com.ar\/sitio\/wp-json\/wp\/v2\/categories?post=67336"},{"taxonomy":"post_tag","embeddable":true,"href":"https:\/\/eldiariodesanpedro.com.ar\/sitio\/wp-json\/wp\/v2\/tags?post=67336"}],"curies":[{"name":"wp","href":"https:\/\/api.w.org\/{rel}","templated":true}]}}