{"id":6733,"date":"2016-08-03T20:15:40","date_gmt":"2016-08-03T23:15:40","guid":{"rendered":"https:\/\/eldiariodesanpedro.com.ar\/sitio\/?p=6733"},"modified":"2016-08-03T20:15:40","modified_gmt":"2016-08-03T23:15:40","slug":"salazar-quiere-organizar-la-expo-intensiva-2017-junto-al-inta","status":"publish","type":"post","link":"https:\/\/eldiariodesanpedro.com.ar\/sitio\/salazar-quiere-organizar-la-expo-intensiva-2017-junto-al-inta\/","title":{"rendered":"Salazar quiere organizar la Expo Intensiva 2017 junto al INTA"},"content":{"rendered":"<p><!-- VideographyWP Plugin Message: Automatic video embedding prevented by plugin options. --><br \/>\nEl mandatario comunal se reuni\u00f3 con el Ing. Agr. H\u00e9ctor Espina, director nacional del INTA, con el objetivo de \u201cestrechar el v\u00ednculo entre municipio, INTA y productores\u201d, seg\u00fan manifest\u00f3 el propio Salazar.<br \/>\nEn ese sentido, el mandatario comunal manifest\u00f3, luego del encuentro con la m\u00e1xima de autoridad del INTA a nivel nacional: \u201cLe llev\u00e9 un proyecto de organizar en San Pedro una exposici\u00f3n sobre trabajo intensivo\u201d. En tanto, aclar\u00f3 que \u201cse denominar\u00eda: Expo Intensiva 2017\u201d.<br \/>\n\u201cEn este mes el Ing. Espina vendr\u00e1 a San Pedro y vamos a firmar un convenio de colaboraci\u00f3n institucional\u201d, se\u00f1al\u00f3 Salazar. <\/p>\n","protected":false},"excerpt":{"rendered":"<p>El mandatario comunal se reuni\u00f3 con el Ing. Agr. H\u00e9ctor Espina, director nacional del INTA, con el objetivo de \u201cestrechar el v\u00ednculo entre municipio, INTA y productores\u201d, seg\u00fan manifest\u00f3 el propio Salazar. En ese sentido, el mandatario comunal manifest\u00f3, luego del encuentro con la m\u00e1xima de autoridad del INTA a nivel nacional: \u201cLe llev\u00e9 un [&hellip;]<\/p>\n","protected":false},"author":4,"featured_media":6734,"comment_status":"open","ping_status":"closed","sticky":false,"template":"","format":"standard","meta":{"om_disable_all_campaigns":false,"_jetpack_memberships_contains_paid_content":false,"footnotes":""},"categories":[50,2,102],"tags":[],"class_list":["post-6733","post","type-post","status-publish","format-standard","has-post-thumbnail","hentry","category-destacadas","category-locales","category-politica-locales"],"aioseo_notices":[],"gutentor_comment":0,"jetpack_featured_media_url":"https:\/\/eldiariodesanpedro.com.ar\/sitio\/wp-content\/uploads\/2016\/08\/PAGINA-3-3.jpg","jetpack_shortlink":"https:\/\/wp.me\/p6RhLt-1KB","jetpack_sharing_enabled":true,"_links":{"self":[{"href":"https:\/\/eldiariodesanpedro.com.ar\/sitio\/wp-json\/wp\/v2\/posts\/6733","targetHints":{"allow":["GET"]}}],"collection":[{"href":"https:\/\/eldiariodesanpedro.com.ar\/sitio\/wp-json\/wp\/v2\/posts"}],"about":[{"href":"https:\/\/eldiariodesanpedro.com.ar\/sitio\/wp-json\/wp\/v2\/types\/post"}],"author":[{"embeddable":true,"href":"https:\/\/eldiariodesanpedro.com.ar\/sitio\/wp-json\/wp\/v2\/users\/4"}],"replies":[{"embeddable":true,"href":"https:\/\/eldiariodesanpedro.com.ar\/sitio\/wp-json\/wp\/v2\/comments?post=6733"}],"version-history":[{"count":1,"href":"https:\/\/eldiariodesanpedro.com.ar\/sitio\/wp-json\/wp\/v2\/posts\/6733\/revisions"}],"predecessor-version":[{"id":6735,"href":"https:\/\/eldiariodesanpedro.com.ar\/sitio\/wp-json\/wp\/v2\/posts\/6733\/revisions\/6735"}],"wp:featuredmedia":[{"embeddable":true,"href":"https:\/\/eldiariodesanpedro.com.ar\/sitio\/wp-json\/wp\/v2\/media\/6734"}],"wp:attachment":[{"href":"https:\/\/eldiariodesanpedro.com.ar\/sitio\/wp-json\/wp\/v2\/media?parent=6733"}],"wp:term":[{"taxonomy":"category","embeddable":true,"href":"https:\/\/eldiariodesanpedro.com.ar\/sitio\/wp-json\/wp\/v2\/categories?post=6733"},{"taxonomy":"post_tag","embeddable":true,"href":"https:\/\/eldiariodesanpedro.com.ar\/sitio\/wp-json\/wp\/v2\/tags?post=6733"}],"curies":[{"name":"wp","href":"https:\/\/api.w.org\/{rel}","templated":true}]}}