{"id":6728,"date":"2016-08-03T20:13:55","date_gmt":"2016-08-03T23:13:55","guid":{"rendered":"https:\/\/eldiariodesanpedro.com.ar\/sitio\/?p=6728"},"modified":"2016-08-03T20:13:55","modified_gmt":"2016-08-03T23:13:55","slug":"avanzan-las-obras-de-la-ruta-1001","status":"publish","type":"post","link":"https:\/\/eldiariodesanpedro.com.ar\/sitio\/avanzan-las-obras-de-la-ruta-1001\/","title":{"rendered":"Avanzan las obras de la ruta 1001"},"content":{"rendered":"<p><!-- VideographyWP Plugin Message: Automatic video embedding prevented by plugin options. --><br \/>\nEl s\u00e1bado pasado estuvo en nuestra ciudad Federico Heinecke, gerente ejecutivo de Direcci\u00f3n de Obras de Vialidad Nacional, corroborando el avance de las obras. Si bien todo avanza correctamente, ciertas partes del trayecto est\u00e1n muy da\u00f1adas, por lo que se le prest\u00f3 especial atenci\u00f3n a ello.<br \/>\nSe estableci\u00f3 que los 5 cm que se quitaron de la capa inicial en algunas zona no resolvi\u00f3 el problema, producto de que hab\u00eda baches que eran m\u00e1s profundos. Se determin\u00f3 entonces que se quitaran otros dos cent\u00edmetros m\u00e1s, pero para ello hac\u00eda falta que vuelva la fresadora que la empresa IARSA, encargada de los trabajos, ya hab\u00eda destinado a otro lugar.  En definitiva, se har\u00e1 un reciclado y bacheo profundo, y despu\u00e9s un fresado desde la bajada del puente de R\u00edo Tala hacia la ciudad.<br \/>\nEl receso que se pudo advertir ayer est\u00e1 relacionado justamente con ello. Adem\u00e1s fuentes consultadas explicaron que el clima no colabor\u00f3 demasiado, las inclemencias del tiempo bastante pronunciadas retrasaron estos d\u00edas la continuidad de las maniobras que hab\u00edan sido proyectadas.<br \/>\nEn estos momentos, m\u00e1s de 10 m\u00e1quinas y camiones se hallan en el lugar siguiendo el cronograma previsto.<br \/>\nDurante la jornada de ayer se hab\u00edan abierto una serie de especulaciones en torno a por qu\u00e9 se hab\u00edan parado los trabajos. Sin embargo, est\u00e1 claro que se debi\u00f3 a un reordenamiento de lo planificado.<\/p>\n<div data-carousel-extra='{&quot;blog_id&quot;:1,&quot;permalink&quot;:&quot;https:\/\/eldiariodesanpedro.com.ar\/sitio\/avanzan-las-obras-de-la-ruta-1001\/&quot;}' id='gallery-1' class='gallery galleryid-6728 gallery-columns-2 gallery-size-large'><figure class='gallery-item'>\n\t\t\t<div class='gallery-icon landscape'>\n\t\t\t\t<a href='https:\/\/eldiariodesanpedro.com.ar\/sitio\/avanzan-las-obras-de-la-ruta-1001\/1001-trabajos-2\/'><img decoding=\"async\" width=\"640\" height=\"427\" data-src=\"https:\/\/eldiariodesanpedro.com.ar\/sitio\/wp-content\/uploads\/2016\/08\/1001-trabajos-2.jpg\" class=\"attachment-large size-large lazyload\" alt=\"El Diario de San Pedro | Noticias locales y regionales\" data-srcset=\"https:\/\/eldiariodesanpedro.com.ar\/sitio\/wp-content\/uploads\/2016\/08\/1001-trabajos-2.jpg 850w, https:\/\/eldiariodesanpedro.com.ar\/sitio\/wp-content\/uploads\/2016\/08\/1001-trabajos-2-300x200.jpg 300w, https:\/\/eldiariodesanpedro.com.ar\/sitio\/wp-content\/uploads\/2016\/08\/1001-trabajos-2-768x512.jpg 768w\" data-sizes=\"(max-width: 640px) 100vw, 640px\" data-attachment-id=\"6729\" data-permalink=\"https:\/\/eldiariodesanpedro.com.ar\/sitio\/avanzan-las-obras-de-la-ruta-1001\/1001-trabajos-2\/\" data-orig-file=\"https:\/\/eldiariodesanpedro.com.ar\/sitio\/wp-content\/uploads\/2016\/08\/1001-trabajos-2.jpg\" data-orig-size=\"850,567\" data-comments-opened=\"1\" data-image-meta=\"{&quot;aperture&quot;:&quot;0&quot;,&quot;credit&quot;:&quot;&quot;,&quot;camera&quot;:&quot;&quot;,&quot;caption&quot;:&quot;&quot;,&quot;created_timestamp&quot;:&quot;0&quot;,&quot;copyright&quot;:&quot;&quot;,&quot;focal_length&quot;:&quot;0&quot;,&quot;iso&quot;:&quot;0&quot;,&quot;shutter_speed&quot;:&quot;0&quot;,&quot;title&quot;:&quot;&quot;,&quot;orientation&quot;:&quot;0&quot;}\" data-image-title=\"1001 trabajos 2\" data-image-description=\"\" data-image-caption=\"\" data-large-file=\"https:\/\/eldiariodesanpedro.com.ar\/sitio\/wp-content\/uploads\/2016\/08\/1001-trabajos-2.jpg\" src=\"data:image\/svg+xml;base64,PHN2ZyB3aWR0aD0iMSIgaGVpZ2h0PSIxIiB4bWxucz0iaHR0cDovL3d3dy53My5vcmcvMjAwMC9zdmciPjwvc3ZnPg==\" style=\"--smush-placeholder-width: 640px; --smush-placeholder-aspect-ratio: 640\/427;\" \/><\/a>\n\t\t\t<\/div><\/figure><figure class='gallery-item'>\n\t\t\t<div class='gallery-icon landscape'>\n\t\t\t\t<a href='https:\/\/eldiariodesanpedro.com.ar\/sitio\/avanzan-las-obras-de-la-ruta-1001\/31001-trabajos-2\/'><img decoding=\"async\" width=\"640\" height=\"427\" data-src=\"https:\/\/eldiariodesanpedro.com.ar\/sitio\/wp-content\/uploads\/2016\/08\/31001-trabajos-2.jpg\" class=\"attachment-large size-large lazyload\" alt=\"El Diario de San Pedro | Noticias locales y regionales\" data-srcset=\"https:\/\/eldiariodesanpedro.com.ar\/sitio\/wp-content\/uploads\/2016\/08\/31001-trabajos-2.jpg 850w, https:\/\/eldiariodesanpedro.com.ar\/sitio\/wp-content\/uploads\/2016\/08\/31001-trabajos-2-300x200.jpg 300w, https:\/\/eldiariodesanpedro.com.ar\/sitio\/wp-content\/uploads\/2016\/08\/31001-trabajos-2-768x512.jpg 768w\" data-sizes=\"(max-width: 640px) 100vw, 640px\" data-attachment-id=\"6731\" data-permalink=\"https:\/\/eldiariodesanpedro.com.ar\/sitio\/avanzan-las-obras-de-la-ruta-1001\/31001-trabajos-2\/\" data-orig-file=\"https:\/\/eldiariodesanpedro.com.ar\/sitio\/wp-content\/uploads\/2016\/08\/31001-trabajos-2.jpg\" data-orig-size=\"850,567\" data-comments-opened=\"1\" data-image-meta=\"{&quot;aperture&quot;:&quot;0&quot;,&quot;credit&quot;:&quot;&quot;,&quot;camera&quot;:&quot;&quot;,&quot;caption&quot;:&quot;&quot;,&quot;created_timestamp&quot;:&quot;0&quot;,&quot;copyright&quot;:&quot;&quot;,&quot;focal_length&quot;:&quot;0&quot;,&quot;iso&quot;:&quot;0&quot;,&quot;shutter_speed&quot;:&quot;0&quot;,&quot;title&quot;:&quot;&quot;,&quot;orientation&quot;:&quot;0&quot;}\" data-image-title=\"31001 trabajos 2\" data-image-description=\"\" data-image-caption=\"\" data-large-file=\"https:\/\/eldiariodesanpedro.com.ar\/sitio\/wp-content\/uploads\/2016\/08\/31001-trabajos-2.jpg\" src=\"data:image\/svg+xml;base64,PHN2ZyB3aWR0aD0iMSIgaGVpZ2h0PSIxIiB4bWxucz0iaHR0cDovL3d3dy53My5vcmcvMjAwMC9zdmciPjwvc3ZnPg==\" style=\"--smush-placeholder-width: 640px; --smush-placeholder-aspect-ratio: 640\/427;\" \/><\/a>\n\t\t\t<\/div><\/figure>\n\t\t<\/div>\n\n","protected":false},"excerpt":{"rendered":"<p>El s\u00e1bado pasado estuvo en nuestra ciudad Federico Heinecke, gerente ejecutivo de Direcci\u00f3n de Obras de Vialidad Nacional, corroborando el avance de las obras. Si bien todo avanza correctamente, ciertas partes del trayecto est\u00e1n muy da\u00f1adas, por lo que se le prest\u00f3 especial atenci\u00f3n a ello. Se estableci\u00f3 que los 5 cm que se quitaron [&hellip;]<\/p>\n","protected":false},"author":4,"featured_media":6730,"comment_status":"open","ping_status":"closed","sticky":false,"template":"","format":"standard","meta":{"om_disable_all_campaigns":false,"_jetpack_memberships_contains_paid_content":false,"footnotes":""},"categories":[50,101,2],"tags":[],"class_list":["post-6728","post","type-post","status-publish","format-standard","has-post-thumbnail","hentry","category-destacadas","category-interes-general-locales","category-locales"],"aioseo_notices":[],"gutentor_comment":0,"jetpack_featured_media_url":"https:\/\/eldiariodesanpedro.com.ar\/sitio\/wp-content\/uploads\/2016\/08\/1001-trabajos.jpg","jetpack_shortlink":"https:\/\/wp.me\/p6RhLt-1Kw","jetpack_sharing_enabled":true,"_links":{"self":[{"href":"https:\/\/eldiariodesanpedro.com.ar\/sitio\/wp-json\/wp\/v2\/posts\/6728","targetHints":{"allow":["GET"]}}],"collection":[{"href":"https:\/\/eldiariodesanpedro.com.ar\/sitio\/wp-json\/wp\/v2\/posts"}],"about":[{"href":"https:\/\/eldiariodesanpedro.com.ar\/sitio\/wp-json\/wp\/v2\/types\/post"}],"author":[{"embeddable":true,"href":"https:\/\/eldiariodesanpedro.com.ar\/sitio\/wp-json\/wp\/v2\/users\/4"}],"replies":[{"embeddable":true,"href":"https:\/\/eldiariodesanpedro.com.ar\/sitio\/wp-json\/wp\/v2\/comments?post=6728"}],"version-history":[{"count":1,"href":"https:\/\/eldiariodesanpedro.com.ar\/sitio\/wp-json\/wp\/v2\/posts\/6728\/revisions"}],"predecessor-version":[{"id":6732,"href":"https:\/\/eldiariodesanpedro.com.ar\/sitio\/wp-json\/wp\/v2\/posts\/6728\/revisions\/6732"}],"wp:featuredmedia":[{"embeddable":true,"href":"https:\/\/eldiariodesanpedro.com.ar\/sitio\/wp-json\/wp\/v2\/media\/6730"}],"wp:attachment":[{"href":"https:\/\/eldiariodesanpedro.com.ar\/sitio\/wp-json\/wp\/v2\/media?parent=6728"}],"wp:term":[{"taxonomy":"category","embeddable":true,"href":"https:\/\/eldiariodesanpedro.com.ar\/sitio\/wp-json\/wp\/v2\/categories?post=6728"},{"taxonomy":"post_tag","embeddable":true,"href":"https:\/\/eldiariodesanpedro.com.ar\/sitio\/wp-json\/wp\/v2\/tags?post=6728"}],"curies":[{"name":"wp","href":"https:\/\/api.w.org\/{rel}","templated":true}]}}