{"id":6725,"date":"2016-08-03T20:05:07","date_gmt":"2016-08-03T23:05:07","guid":{"rendered":"https:\/\/eldiariodesanpedro.com.ar\/sitio\/?p=6725"},"modified":"2016-08-03T20:05:07","modified_gmt":"2016-08-03T23:05:07","slug":"el-proximo-17-de-agosto-se-inaugurara-el-nuevo-jardin-no-918","status":"publish","type":"post","link":"https:\/\/eldiariodesanpedro.com.ar\/sitio\/el-proximo-17-de-agosto-se-inaugurara-el-nuevo-jardin-no-918\/","title":{"rendered":"El pr\u00f3ximo 17 de agosto se inaugurar\u00e1 el nuevo jard\u00edn N\u00ba 918"},"content":{"rendered":"<p><!-- VideographyWP Plugin Message: Automatic video embedding prevented by plugin options. --><br \/>\nFue anunciado en el martes por el intendente municipal en una recorrida que realiz\u00f3 por diferentes obras en escuelas del distrito. Lo hizo acompa\u00f1ado de los consejeros escolares  Gustavo Liloff, Jorge D\u2019Andrea, Monica Romagnano, Vanina Zubieta y Fernando Cajide; recorrieron las escuelas N\u00ba 27,  N\u00ba 48, la N\u00ba 12 de R\u00edo Tala y el nuevo jard\u00edn N\u00ba 918.<br \/>\nTambi\u00e9n estuvieron presente de la Direcci\u00f3n Provincial de Infraestructura Escolar, con la Arq. Sandra Mora, la jefa distrital de Educaci\u00f3n, Eleonora Taurizano, e inspectores y comunidad educativa.<br \/>\nSobre el jard\u00edn, Salazar afirm\u00f3 que hay \u201cuna fecha tentativa para inauguradas el pr\u00f3ximo 17, vamos a ver si llegamos\u201d. \u201cEsperamos ese d\u00eda que venga el ministro de Educaci\u00f3n, que se comprometi\u00f3 a venir\u201d, indic\u00f3.<br \/>\nEn tanto, se\u00f1al\u00f3 estar \u201ccontento\u201d porque \u201cver que las cosas avanzan para nosotros es muy gratificante\u201d. \u201cNo es vano el esfuerzo que el Municipio est\u00e1 haciendo\u201d, afirm\u00f3.<br \/>\nPor su parte, Liloff se\u00f1al\u00f3: \u201cVemos una diferencia entre esta gesti\u00f3n y la anterior\u201d, y agreg\u00f3: \u201cEl intendente invierte en educaci\u00f3n\u201d. \u201cHay 42 millones de pesos en el distrito de San Pedro en educaci\u00f3n en este momento circulando\u201d, recalc\u00f3. <\/p>\n<p>Se iniciar\u00e1n nuevamente las obras en la escuela de Banfield<\/p>\n<p>El mes pasado se anunciaba la construcci\u00f3n de un jard\u00edn en el predio de la excancha de Banfield. All\u00ed tambi\u00e9n se consult\u00f3 qu\u00e9 iba a ocurrir con la edificaci\u00f3n de la escuela que hab\u00eda quedado abandonada desde el a\u00f1o pasado y la respuesta fue que se estaban haciendo gestiones para dar soluci\u00f3n a dicha problem\u00e1tica.<br \/>\nFinalmente, el Municipio anunci\u00f3 que se continuar\u00e1n las obras en dicho establecimiento educativo.<br \/>\n\u201cAyer el intendente nos comunic\u00f3 que ya est\u00e1 pr\u00f3xima a tener una soluci\u00f3n\u201d, dijo Gustavo Liloff acerca de ello. \u201cSe inici\u00f3 durante la gesti\u00f3n Scioli, nunca tuvimos respuesta, hicimos una denuncia penal, donde se robaron todo\u201d.<br \/>\nAl tiempo afirm\u00f3 que \u201cest\u00e1 saliendo la licitaci\u00f3n, una escuela por 11 millones de pesos\u201d para que se reactive su construcci\u00f3n.<\/p>\n","protected":false},"excerpt":{"rendered":"<p>Fue anunciado en el martes por el intendente municipal en una recorrida que realiz\u00f3 por diferentes obras en escuelas del distrito. Lo hizo acompa\u00f1ado de los consejeros escolares Gustavo Liloff, Jorge D\u2019Andrea, Monica Romagnano, Vanina Zubieta y Fernando Cajide; recorrieron las escuelas N\u00ba 27, N\u00ba 48, la N\u00ba 12 de R\u00edo Tala y el nuevo [&hellip;]<\/p>\n","protected":false},"author":4,"featured_media":6726,"comment_status":"open","ping_status":"closed","sticky":false,"template":"","format":"standard","meta":{"om_disable_all_campaigns":false,"_jetpack_memberships_contains_paid_content":false,"footnotes":""},"categories":[101,2],"tags":[],"class_list":["post-6725","post","type-post","status-publish","format-standard","has-post-thumbnail","hentry","category-interes-general-locales","category-locales"],"aioseo_notices":[],"gutentor_comment":0,"jetpack_featured_media_url":"https:\/\/eldiariodesanpedro.com.ar\/sitio\/wp-content\/uploads\/2016\/08\/jardin-918.jpg","jetpack_shortlink":"https:\/\/wp.me\/p6RhLt-1Kt","jetpack_sharing_enabled":true,"_links":{"self":[{"href":"https:\/\/eldiariodesanpedro.com.ar\/sitio\/wp-json\/wp\/v2\/posts\/6725","targetHints":{"allow":["GET"]}}],"collection":[{"href":"https:\/\/eldiariodesanpedro.com.ar\/sitio\/wp-json\/wp\/v2\/posts"}],"about":[{"href":"https:\/\/eldiariodesanpedro.com.ar\/sitio\/wp-json\/wp\/v2\/types\/post"}],"author":[{"embeddable":true,"href":"https:\/\/eldiariodesanpedro.com.ar\/sitio\/wp-json\/wp\/v2\/users\/4"}],"replies":[{"embeddable":true,"href":"https:\/\/eldiariodesanpedro.com.ar\/sitio\/wp-json\/wp\/v2\/comments?post=6725"}],"version-history":[{"count":1,"href":"https:\/\/eldiariodesanpedro.com.ar\/sitio\/wp-json\/wp\/v2\/posts\/6725\/revisions"}],"predecessor-version":[{"id":6727,"href":"https:\/\/eldiariodesanpedro.com.ar\/sitio\/wp-json\/wp\/v2\/posts\/6725\/revisions\/6727"}],"wp:featuredmedia":[{"embeddable":true,"href":"https:\/\/eldiariodesanpedro.com.ar\/sitio\/wp-json\/wp\/v2\/media\/6726"}],"wp:attachment":[{"href":"https:\/\/eldiariodesanpedro.com.ar\/sitio\/wp-json\/wp\/v2\/media?parent=6725"}],"wp:term":[{"taxonomy":"category","embeddable":true,"href":"https:\/\/eldiariodesanpedro.com.ar\/sitio\/wp-json\/wp\/v2\/categories?post=6725"},{"taxonomy":"post_tag","embeddable":true,"href":"https:\/\/eldiariodesanpedro.com.ar\/sitio\/wp-json\/wp\/v2\/tags?post=6725"}],"curies":[{"name":"wp","href":"https:\/\/api.w.org\/{rel}","templated":true}]}}