{"id":6723,"date":"2016-08-03T19:48:00","date_gmt":"2016-08-03T22:48:00","guid":{"rendered":"https:\/\/eldiariodesanpedro.com.ar\/sitio\/?p=6723"},"modified":"2016-08-03T19:48:00","modified_gmt":"2016-08-03T22:48:00","slug":"delincuente-atrapado-por-pedido-de-captura","status":"publish","type":"post","link":"https:\/\/eldiariodesanpedro.com.ar\/sitio\/delincuente-atrapado-por-pedido-de-captura\/","title":{"rendered":"Delincuente atrapado por pedido de captura"},"content":{"rendered":"<p><!-- VideographyWP Plugin Message: Automatic video embedding prevented by plugin options. --><br \/>\nEfectivos policiales dieron cumplimiento a una diligencia de allanamiento solicitada por la UFI N\u00ba 7 y otorgado por Juzgado de Garant\u00edas N\u00ba 1 San Nicol\u00e1s. Se identific\u00f3 a un joven de 24 a\u00f1os y, tras verificarse sus datos en el sistema inform\u00e1tico policial, se pudo certificar que pose\u00eda un pedido de captura activo, por el delito de robo. Es por ello que se procedi\u00f3 a su aprehensi\u00f3n y traslado a la dependencia local. Interviene Tribunal Criminal N\u00ba 1 San Nicol\u00e1s.<\/p>\n","protected":false},"excerpt":{"rendered":"<p>Efectivos policiales dieron cumplimiento a una diligencia de allanamiento solicitada por la UFI N\u00ba 7 y otorgado por Juzgado de Garant\u00edas N\u00ba 1 San Nicol\u00e1s. Se identific\u00f3 a un joven de 24 a\u00f1os y, tras verificarse sus datos en el sistema inform\u00e1tico policial, se pudo certificar que pose\u00eda un pedido de captura activo, por el [&hellip;]<\/p>\n","protected":false},"author":4,"featured_media":4713,"comment_status":"open","ping_status":"closed","sticky":false,"template":"","format":"standard","meta":{"om_disable_all_campaigns":false,"_jetpack_memberships_contains_paid_content":false,"footnotes":""},"categories":[2,103],"tags":[],"class_list":["post-6723","post","type-post","status-publish","format-standard","has-post-thumbnail","hentry","category-locales","category-policiales-locales"],"aioseo_notices":[],"gutentor_comment":0,"jetpack_featured_media_url":"https:\/\/eldiariodesanpedro.com.ar\/sitio\/wp-content\/uploads\/2016\/05\/detenido.jpg","jetpack_shortlink":"https:\/\/wp.me\/p6RhLt-1Kr","jetpack_sharing_enabled":true,"_links":{"self":[{"href":"https:\/\/eldiariodesanpedro.com.ar\/sitio\/wp-json\/wp\/v2\/posts\/6723","targetHints":{"allow":["GET"]}}],"collection":[{"href":"https:\/\/eldiariodesanpedro.com.ar\/sitio\/wp-json\/wp\/v2\/posts"}],"about":[{"href":"https:\/\/eldiariodesanpedro.com.ar\/sitio\/wp-json\/wp\/v2\/types\/post"}],"author":[{"embeddable":true,"href":"https:\/\/eldiariodesanpedro.com.ar\/sitio\/wp-json\/wp\/v2\/users\/4"}],"replies":[{"embeddable":true,"href":"https:\/\/eldiariodesanpedro.com.ar\/sitio\/wp-json\/wp\/v2\/comments?post=6723"}],"version-history":[{"count":1,"href":"https:\/\/eldiariodesanpedro.com.ar\/sitio\/wp-json\/wp\/v2\/posts\/6723\/revisions"}],"predecessor-version":[{"id":6724,"href":"https:\/\/eldiariodesanpedro.com.ar\/sitio\/wp-json\/wp\/v2\/posts\/6723\/revisions\/6724"}],"wp:featuredmedia":[{"embeddable":true,"href":"https:\/\/eldiariodesanpedro.com.ar\/sitio\/wp-json\/wp\/v2\/media\/4713"}],"wp:attachment":[{"href":"https:\/\/eldiariodesanpedro.com.ar\/sitio\/wp-json\/wp\/v2\/media?parent=6723"}],"wp:term":[{"taxonomy":"category","embeddable":true,"href":"https:\/\/eldiariodesanpedro.com.ar\/sitio\/wp-json\/wp\/v2\/categories?post=6723"},{"taxonomy":"post_tag","embeddable":true,"href":"https:\/\/eldiariodesanpedro.com.ar\/sitio\/wp-json\/wp\/v2\/tags?post=6723"}],"curies":[{"name":"wp","href":"https:\/\/api.w.org\/{rel}","templated":true}]}}