{"id":6721,"date":"2016-08-03T19:46:42","date_gmt":"2016-08-03T22:46:42","guid":{"rendered":"https:\/\/eldiariodesanpedro.com.ar\/sitio\/?p=6721"},"modified":"2016-08-03T19:46:42","modified_gmt":"2016-08-03T22:46:42","slug":"sustrajo-su-propio-hijo-a-su-expareja-y-lo-detuvieron","status":"publish","type":"post","link":"https:\/\/eldiariodesanpedro.com.ar\/sitio\/sustrajo-su-propio-hijo-a-su-expareja-y-lo-detuvieron\/","title":{"rendered":"Sustrajo su propio hijo a su expareja y lo detuvieron"},"content":{"rendered":"<p><!-- VideographyWP Plugin Message: Automatic video embedding prevented by plugin options. --><br \/>\nDurante la madrugada de este mi\u00e9rcoles, efectivos policiales de la dependencia local, de la Comisar\u00eda de la Mujer y la Familia San Pedro, personal de la Sub-DDI San Pedro-Baradero y del GAD realizaron un allanamiento para detener a un sujeto de 28 a\u00f1os que le hab\u00eda sustra\u00eddo a su expareja su hijo. El ni\u00f1o se hallaba en la vivienda y pudo ser recuperado.<br \/>\nEl procedimiento fue ordenado por el Juzgado de Garant\u00edas N\u00ba 01, tras ser solicitado por la UFI N\u00ba 05. En tanto, la fiscal\u00eda interviniente dispuso que el menor sea entregado a su progenitora. La causa fue caratulada como \u201caprehensi\u00f3n por sustracci\u00f3n de menor. Infracci\u00f3n al Art. 146 del C\u00f3digo Penal\u201d. <\/p>\n","protected":false},"excerpt":{"rendered":"<p>Durante la madrugada de este mi\u00e9rcoles, efectivos policiales de la dependencia local, de la Comisar\u00eda de la Mujer y la Familia San Pedro, personal de la Sub-DDI San Pedro-Baradero y del GAD realizaron un allanamiento para detener a un sujeto de 28 a\u00f1os que le hab\u00eda sustra\u00eddo a su expareja su hijo. El ni\u00f1o se [&hellip;]<\/p>\n","protected":false},"author":4,"featured_media":4366,"comment_status":"open","ping_status":"closed","sticky":false,"template":"","format":"standard","meta":{"om_disable_all_campaigns":false,"_jetpack_memberships_contains_paid_content":false,"footnotes":""},"categories":[2,103],"tags":[],"class_list":["post-6721","post","type-post","status-publish","format-standard","has-post-thumbnail","hentry","category-locales","category-policiales-locales"],"aioseo_notices":[],"gutentor_comment":0,"jetpack_featured_media_url":"https:\/\/eldiariodesanpedro.com.ar\/sitio\/wp-content\/uploads\/2016\/05\/Policia.jpg","jetpack_shortlink":"https:\/\/wp.me\/p6RhLt-1Kp","jetpack_sharing_enabled":true,"_links":{"self":[{"href":"https:\/\/eldiariodesanpedro.com.ar\/sitio\/wp-json\/wp\/v2\/posts\/6721","targetHints":{"allow":["GET"]}}],"collection":[{"href":"https:\/\/eldiariodesanpedro.com.ar\/sitio\/wp-json\/wp\/v2\/posts"}],"about":[{"href":"https:\/\/eldiariodesanpedro.com.ar\/sitio\/wp-json\/wp\/v2\/types\/post"}],"author":[{"embeddable":true,"href":"https:\/\/eldiariodesanpedro.com.ar\/sitio\/wp-json\/wp\/v2\/users\/4"}],"replies":[{"embeddable":true,"href":"https:\/\/eldiariodesanpedro.com.ar\/sitio\/wp-json\/wp\/v2\/comments?post=6721"}],"version-history":[{"count":1,"href":"https:\/\/eldiariodesanpedro.com.ar\/sitio\/wp-json\/wp\/v2\/posts\/6721\/revisions"}],"predecessor-version":[{"id":6722,"href":"https:\/\/eldiariodesanpedro.com.ar\/sitio\/wp-json\/wp\/v2\/posts\/6721\/revisions\/6722"}],"wp:featuredmedia":[{"embeddable":true,"href":"https:\/\/eldiariodesanpedro.com.ar\/sitio\/wp-json\/wp\/v2\/media\/4366"}],"wp:attachment":[{"href":"https:\/\/eldiariodesanpedro.com.ar\/sitio\/wp-json\/wp\/v2\/media?parent=6721"}],"wp:term":[{"taxonomy":"category","embeddable":true,"href":"https:\/\/eldiariodesanpedro.com.ar\/sitio\/wp-json\/wp\/v2\/categories?post=6721"},{"taxonomy":"post_tag","embeddable":true,"href":"https:\/\/eldiariodesanpedro.com.ar\/sitio\/wp-json\/wp\/v2\/tags?post=6721"}],"curies":[{"name":"wp","href":"https:\/\/api.w.org\/{rel}","templated":true}]}}