{"id":6718,"date":"2016-08-03T19:44:50","date_gmt":"2016-08-03T22:44:50","guid":{"rendered":"https:\/\/eldiariodesanpedro.com.ar\/sitio\/?p=6718"},"modified":"2016-08-03T19:44:50","modified_gmt":"2016-08-03T22:44:50","slug":"fuerte-crecimiento-de-pasajeros-en-el-tren-a-buenos-aires","status":"publish","type":"post","link":"https:\/\/eldiariodesanpedro.com.ar\/sitio\/fuerte-crecimiento-de-pasajeros-en-el-tren-a-buenos-aires\/","title":{"rendered":"Fuerte crecimiento de pasajeros en el tren a Buenos Aires"},"content":{"rendered":"<p><!-- VideographyWP Plugin Message: Automatic video embedding prevented by plugin options. --><br \/>\nSeg\u00fan las estad\u00edsticas, la cantidad de pasajeros que opta por este servicio aument\u00f3 en un 70 por ciento en los \u00faltimos cuarenta d\u00edas. Esto, en gran parte, se debe a que el 15 de junio pasado se habilitaron tres nuevas paradas: San Pedro, Ramallo y Rosario Norte. En total, son 2.500 pasajeros m\u00e1s los que se volcaron hacia este medio de transporte.<br \/>\nLa incorporaci\u00f3n de estas estaciones intermedias, m\u00e1s la extensi\u00f3n del servicio hasta Rosario Norte, hicieron que la cantidad de usuarios pase de 3.825 a 6.333 pasajeros.<br \/>\n\u00abHace un mes decidimos que los rosarinos y todos los que visitan su ciudad recuperen la opci\u00f3n de llegar en tren al centro. Recuperamos tres estaciones lo que efectivamente signific\u00f3 un aumento en la cantidad de pasajeros, que esperamos siga creciendo. Con planificaci\u00f3n y articulando con el gobierno local, seguimos trabajando juntos para impulsar los trenes, transporte p\u00fablico fundamental para la conectividad de la regi\u00f3n\u00bb, dijo Guillermo Dietrich, ministro de Transporte de la Naci\u00f3n.<br \/>\nDesde que se habilitaron las nuevas paradas, 4.120 pasajeros subieron en Retiro; 1.912 en Rosario Norte; 1.769 Rosario Sur; 276 en Ramallo y 264 San Pedro. En lo que va del a\u00f1o, ya son 10 mil pasajeros los que viajaron entre Retiro y Rosario. <\/p>\n","protected":false},"excerpt":{"rendered":"<p>Seg\u00fan las estad\u00edsticas, la cantidad de pasajeros que opta por este servicio aument\u00f3 en un 70 por ciento en los \u00faltimos cuarenta d\u00edas. Esto, en gran parte, se debe a que el 15 de junio pasado se habilitaron tres nuevas paradas: San Pedro, Ramallo y Rosario Norte. En total, son 2.500 pasajeros m\u00e1s los que [&hellip;]<\/p>\n","protected":false},"author":4,"featured_media":6719,"comment_status":"open","ping_status":"closed","sticky":false,"template":"","format":"standard","meta":{"om_disable_all_campaigns":false,"_jetpack_memberships_contains_paid_content":false,"footnotes":""},"categories":[50,101,2],"tags":[],"class_list":["post-6718","post","type-post","status-publish","format-standard","has-post-thumbnail","hentry","category-destacadas","category-interes-general-locales","category-locales"],"aioseo_notices":[],"gutentor_comment":1,"jetpack_featured_media_url":"https:\/\/eldiariodesanpedro.com.ar\/sitio\/wp-content\/uploads\/2016\/08\/PAGINA-5.jpg","jetpack_shortlink":"https:\/\/wp.me\/p6RhLt-1Km","jetpack_sharing_enabled":true,"_links":{"self":[{"href":"https:\/\/eldiariodesanpedro.com.ar\/sitio\/wp-json\/wp\/v2\/posts\/6718","targetHints":{"allow":["GET"]}}],"collection":[{"href":"https:\/\/eldiariodesanpedro.com.ar\/sitio\/wp-json\/wp\/v2\/posts"}],"about":[{"href":"https:\/\/eldiariodesanpedro.com.ar\/sitio\/wp-json\/wp\/v2\/types\/post"}],"author":[{"embeddable":true,"href":"https:\/\/eldiariodesanpedro.com.ar\/sitio\/wp-json\/wp\/v2\/users\/4"}],"replies":[{"embeddable":true,"href":"https:\/\/eldiariodesanpedro.com.ar\/sitio\/wp-json\/wp\/v2\/comments?post=6718"}],"version-history":[{"count":1,"href":"https:\/\/eldiariodesanpedro.com.ar\/sitio\/wp-json\/wp\/v2\/posts\/6718\/revisions"}],"predecessor-version":[{"id":6720,"href":"https:\/\/eldiariodesanpedro.com.ar\/sitio\/wp-json\/wp\/v2\/posts\/6718\/revisions\/6720"}],"wp:featuredmedia":[{"embeddable":true,"href":"https:\/\/eldiariodesanpedro.com.ar\/sitio\/wp-json\/wp\/v2\/media\/6719"}],"wp:attachment":[{"href":"https:\/\/eldiariodesanpedro.com.ar\/sitio\/wp-json\/wp\/v2\/media?parent=6718"}],"wp:term":[{"taxonomy":"category","embeddable":true,"href":"https:\/\/eldiariodesanpedro.com.ar\/sitio\/wp-json\/wp\/v2\/categories?post=6718"},{"taxonomy":"post_tag","embeddable":true,"href":"https:\/\/eldiariodesanpedro.com.ar\/sitio\/wp-json\/wp\/v2\/tags?post=6718"}],"curies":[{"name":"wp","href":"https:\/\/api.w.org\/{rel}","templated":true}]}}