{"id":6711,"date":"2016-08-03T19:32:08","date_gmt":"2016-08-03T22:32:08","guid":{"rendered":"https:\/\/eldiariodesanpedro.com.ar\/sitio\/?p=6711"},"modified":"2016-08-03T19:32:08","modified_gmt":"2016-08-03T22:32:08","slug":"mientras-los-tarifazos-siguen-en-discusion-se-prepara-un-revaluo-inmobiliario","status":"publish","type":"post","link":"https:\/\/eldiariodesanpedro.com.ar\/sitio\/mientras-los-tarifazos-siguen-en-discusion-se-prepara-un-revaluo-inmobiliario\/","title":{"rendered":"Mientras los tarifazos siguen en discusi\u00f3n, se prepara un reval\u00fao inmobiliario"},"content":{"rendered":"<p><!-- VideographyWP Plugin Message: Automatic video embedding prevented by plugin options. --><br \/>\nCon el decreto 790, se dispone que \u201cen el marco del art\u00edculo 59 y concordantes de la Ley N\u00ba 10.707 y modificatorias, a trav\u00e9s de la Agencia de Recaudaci\u00f3n de la Provincia de Buenos Aires, la ejecuci\u00f3n del rec\u00e1lculo de valores de la tierra urbana y suburbana libre de mejoras y sus edificios, las mejoras rurales y las plantaciones\u201d. La iniciativa tambi\u00e9n incluye a los clubes de campo, chacras y barrios cerrados.<br \/>\nSi bien el reval\u00fao se realizar\u00e1 este a\u00f1o, reci\u00e9n tendr\u00e1 impacto cuando se aplique el a\u00f1o pr\u00f3xima la Ley Impositiva que determina el valor de los impuestos. La \u00faltima vez que hubo un reval\u00fao de este tipo fue en el a\u00f1o 2005. En el 2012 se aplic\u00f3 un reval\u00fao al suelo rural que incluy\u00f3 un acampe de productores frente a la Legislatura provincial y hasta enfrentamientos entre los ruralistas y militantes en medio de las sesiones en las que se discut\u00eda la actualizaci\u00f3n de ese impuesto.<br \/>\nEn la Provincia, hay 6,9 millones de partidas inmobiliarias. De ese total, 4,9 millones son Urbanas Edificadas; 1,7 Urbanas bald\u00edas y 300 mil rurales. Adem\u00e1s hay unos 900 barrios cerrados, clubes de campos o countries.<\/p>\n<p>\u00bfTrabajo colaborativo?<\/p>\n<p>El pr\u00f3ximo paso para empezar a delinear la reforma ser\u00e1 la constituci\u00f3n de dos Comisiones Asesoras en cada localidad. Una a los \u201cefectos de considerar los valores unitarios b\u00e1sicos de la tierra libre de mejoras de las plantas urbana y suburbana y de sus edificios, y la otra a fin de considerar los valores b\u00e1sicos de las mejoras rurales y las plantaciones\u201d.<br \/>\nEsto significa que la administraci\u00f3n de Vidal buscar\u00e1 dar cuenta de las mejoras que se hayan producido durante la \u00faltima d\u00e9cada \u2013por ejemplo, el acceso a servicios\u2013 y que puedan haber afectado la valuaci\u00f3n de la propiedad, un \u00edtem con el que luego se calcula el Impuesto Inmobiliario.<br \/>\nEn caso de que los municipios no pongan en marcha el trabajo de su comisi\u00f3n, el decreto deja claro que \u201cse considerar\u00e1n aceptados los valores propuestos por la Agencia de Recaudaci\u00f3n de la Provincia de Buenos Aires\u201d.<br \/>\nAsimismo, en el decreto se establece que las comisiones podr\u00e1n sesionar v\u00e1lidamente con un m\u00ednimo de dos miembros, debiendo ser uno de ellos el representante de la Agencia de Recaudaci\u00f3n de la Provincia de Buenos Aires; y cumplir\u00e1n con su cometido dentro del plazo de treinta d\u00edas corridos, contados a partir de la fecha de su constituci\u00f3n.<\/p>\n","protected":false},"excerpt":{"rendered":"<p>Con el decreto 790, se dispone que \u201cen el marco del art\u00edculo 59 y concordantes de la Ley N\u00ba 10.707 y modificatorias, a trav\u00e9s de la Agencia de Recaudaci\u00f3n de la Provincia de Buenos Aires, la ejecuci\u00f3n del rec\u00e1lculo de valores de la tierra urbana y suburbana libre de mejoras y sus edificios, las mejoras [&hellip;]<\/p>\n","protected":false},"author":4,"featured_media":6712,"comment_status":"open","ping_status":"closed","sticky":false,"template":"","format":"standard","meta":{"om_disable_all_campaigns":false,"_jetpack_memberships_contains_paid_content":false,"footnotes":""},"categories":[101,2],"tags":[],"class_list":["post-6711","post","type-post","status-publish","format-standard","has-post-thumbnail","hentry","category-interes-general-locales","category-locales"],"aioseo_notices":[],"gutentor_comment":0,"jetpack_featured_media_url":"https:\/\/eldiariodesanpedro.com.ar\/sitio\/wp-content\/uploads\/2016\/08\/arba.jpg","jetpack_shortlink":"https:\/\/wp.me\/p6RhLt-1Kf","jetpack_sharing_enabled":true,"_links":{"self":[{"href":"https:\/\/eldiariodesanpedro.com.ar\/sitio\/wp-json\/wp\/v2\/posts\/6711","targetHints":{"allow":["GET"]}}],"collection":[{"href":"https:\/\/eldiariodesanpedro.com.ar\/sitio\/wp-json\/wp\/v2\/posts"}],"about":[{"href":"https:\/\/eldiariodesanpedro.com.ar\/sitio\/wp-json\/wp\/v2\/types\/post"}],"author":[{"embeddable":true,"href":"https:\/\/eldiariodesanpedro.com.ar\/sitio\/wp-json\/wp\/v2\/users\/4"}],"replies":[{"embeddable":true,"href":"https:\/\/eldiariodesanpedro.com.ar\/sitio\/wp-json\/wp\/v2\/comments?post=6711"}],"version-history":[{"count":1,"href":"https:\/\/eldiariodesanpedro.com.ar\/sitio\/wp-json\/wp\/v2\/posts\/6711\/revisions"}],"predecessor-version":[{"id":6713,"href":"https:\/\/eldiariodesanpedro.com.ar\/sitio\/wp-json\/wp\/v2\/posts\/6711\/revisions\/6713"}],"wp:featuredmedia":[{"embeddable":true,"href":"https:\/\/eldiariodesanpedro.com.ar\/sitio\/wp-json\/wp\/v2\/media\/6712"}],"wp:attachment":[{"href":"https:\/\/eldiariodesanpedro.com.ar\/sitio\/wp-json\/wp\/v2\/media?parent=6711"}],"wp:term":[{"taxonomy":"category","embeddable":true,"href":"https:\/\/eldiariodesanpedro.com.ar\/sitio\/wp-json\/wp\/v2\/categories?post=6711"},{"taxonomy":"post_tag","embeddable":true,"href":"https:\/\/eldiariodesanpedro.com.ar\/sitio\/wp-json\/wp\/v2\/tags?post=6711"}],"curies":[{"name":"wp","href":"https:\/\/api.w.org\/{rel}","templated":true}]}}