{"id":6708,"date":"2016-08-03T19:30:32","date_gmt":"2016-08-03T22:30:32","guid":{"rendered":"https:\/\/eldiariodesanpedro.com.ar\/sitio\/?p=6708"},"modified":"2016-08-03T19:40:58","modified_gmt":"2016-08-03T22:40:58","slug":"club-nautico-dos-propuestas-formales-para-la-eleccion-de-un-terreno","status":"publish","type":"post","link":"https:\/\/eldiariodesanpedro.com.ar\/sitio\/club-nautico-dos-propuestas-formales-para-la-eleccion-de-un-terreno\/","title":{"rendered":"Club N\u00e1utico: Dos propuestas formales para la elecci\u00f3n de un terreno"},"content":{"rendered":"<p><!-- VideographyWP Plugin Message: Automatic video embedding prevented by plugin options. --><br \/>\nSe cerr\u00f3 el plazo para la presentaci\u00f3n de propuestas para la compra de un predio y este lunes 1\u00ba de agosto, en el sal\u00f3n de reuniones de la Comisi\u00f3n Directiva, con la participaci\u00f3n de la escribana Cecilia Dubini se abrieron los dos sobres presentados.<br \/>\nAhora las autoridades del club y los asesores t\u00e9cnicos realizar\u00e1n el an\u00e1lisis correspondiente y posteriormente se informar\u00e1 a los socios c\u00f3mo contin\u00faa este proceso de selecci\u00f3n con el objetivo de avanzar con esta iniciativa en breve.<\/p>\n","protected":false},"excerpt":{"rendered":"<p>Se cerr\u00f3 el plazo para la presentaci\u00f3n de propuestas para la compra de un predio y este lunes 1\u00ba de agosto, en el sal\u00f3n de reuniones de la Comisi\u00f3n Directiva, con la participaci\u00f3n de la escribana Cecilia Dubini se abrieron los dos sobres presentados. Ahora las autoridades del club y los asesores t\u00e9cnicos realizar\u00e1n el [&hellip;]<\/p>\n","protected":false},"author":4,"featured_media":6715,"comment_status":"open","ping_status":"closed","sticky":false,"template":"","format":"standard","meta":{"om_disable_all_campaigns":false,"_jetpack_memberships_contains_paid_content":false,"footnotes":""},"categories":[50,101,2],"tags":[],"class_list":["post-6708","post","type-post","status-publish","format-standard","has-post-thumbnail","hentry","category-destacadas","category-interes-general-locales","category-locales"],"aioseo_notices":[],"gutentor_comment":0,"jetpack_featured_media_url":"https:\/\/eldiariodesanpedro.com.ar\/sitio\/wp-content\/uploads\/2016\/08\/PAGINA-6-1.jpeg","jetpack_shortlink":"https:\/\/wp.me\/p6RhLt-1Kc","jetpack_sharing_enabled":true,"_links":{"self":[{"href":"https:\/\/eldiariodesanpedro.com.ar\/sitio\/wp-json\/wp\/v2\/posts\/6708","targetHints":{"allow":["GET"]}}],"collection":[{"href":"https:\/\/eldiariodesanpedro.com.ar\/sitio\/wp-json\/wp\/v2\/posts"}],"about":[{"href":"https:\/\/eldiariodesanpedro.com.ar\/sitio\/wp-json\/wp\/v2\/types\/post"}],"author":[{"embeddable":true,"href":"https:\/\/eldiariodesanpedro.com.ar\/sitio\/wp-json\/wp\/v2\/users\/4"}],"replies":[{"embeddable":true,"href":"https:\/\/eldiariodesanpedro.com.ar\/sitio\/wp-json\/wp\/v2\/comments?post=6708"}],"version-history":[{"count":1,"href":"https:\/\/eldiariodesanpedro.com.ar\/sitio\/wp-json\/wp\/v2\/posts\/6708\/revisions"}],"predecessor-version":[{"id":6710,"href":"https:\/\/eldiariodesanpedro.com.ar\/sitio\/wp-json\/wp\/v2\/posts\/6708\/revisions\/6710"}],"wp:featuredmedia":[{"embeddable":true,"href":"https:\/\/eldiariodesanpedro.com.ar\/sitio\/wp-json\/wp\/v2\/media\/6715"}],"wp:attachment":[{"href":"https:\/\/eldiariodesanpedro.com.ar\/sitio\/wp-json\/wp\/v2\/media?parent=6708"}],"wp:term":[{"taxonomy":"category","embeddable":true,"href":"https:\/\/eldiariodesanpedro.com.ar\/sitio\/wp-json\/wp\/v2\/categories?post=6708"},{"taxonomy":"post_tag","embeddable":true,"href":"https:\/\/eldiariodesanpedro.com.ar\/sitio\/wp-json\/wp\/v2\/tags?post=6708"}],"curies":[{"name":"wp","href":"https:\/\/api.w.org\/{rel}","templated":true}]}}