{"id":6705,"date":"2016-08-03T19:09:27","date_gmt":"2016-08-03T22:09:27","guid":{"rendered":"https:\/\/eldiariodesanpedro.com.ar\/sitio\/?p=6705"},"modified":"2016-08-03T19:11:03","modified_gmt":"2016-08-03T22:11:03","slug":"se-encuentra-abierta-la-inscripcion-para-cursos-de-capacitacion","status":"publish","type":"post","link":"https:\/\/eldiariodesanpedro.com.ar\/sitio\/se-encuentra-abierta-la-inscripcion-para-cursos-de-capacitacion\/","title":{"rendered":"Se encuentra abierta la inscripci\u00f3n para cursos de capacitaci\u00f3n"},"content":{"rendered":"<p><!-- VideographyWP Plugin Message: Automatic video embedding prevented by plugin options. --><br \/>\nEst\u00e1 destinado a los j\u00f3venes de 18 a 24 a\u00f1os, beneficiarios del PROGRESAR o del Programa J\u00f3venes. Ya se encuentra abierta la inscripci\u00f3n para realizar dicha capacitaci\u00f3n: \u201cCurso de introducci\u00f3n al trabajo\u201d y  \u201cClub de empleo\u00bb.<br \/>\n\u00abEstos permiten sostener el cobro de la beca econ\u00f3mica de los programas sociales\u00bb, expresaron desde el Municipio en un comunicado y agregaron: \u00abInvitamos a los j\u00f3venes a que aprovechen esta oportunidad de capacitaci\u00f3n gratuita\u00bb.<br \/>\nLos beneficiarios que quieran inscribirse o informarse sobre los mismos deben acercarse a la Oficina de empleo, ubicada en Ayacucho 299 (Registro Civil), de lunes a viernes de 8 a 14 horas.<\/p>\n","protected":false},"excerpt":{"rendered":"<p>Est\u00e1 destinado a los j\u00f3venes de 18 a 24 a\u00f1os, beneficiarios del PROGRESAR o del Programa J\u00f3venes. Ya se encuentra abierta la inscripci\u00f3n para realizar dicha capacitaci\u00f3n: \u201cCurso de introducci\u00f3n al trabajo\u201d y \u201cClub de empleo\u00bb. \u00abEstos permiten sostener el cobro de la beca econ\u00f3mica de los programas sociales\u00bb, expresaron desde el Municipio en un [&hellip;]<\/p>\n","protected":false},"author":4,"featured_media":6707,"comment_status":"open","ping_status":"closed","sticky":false,"template":"","format":"standard","meta":{"om_disable_all_campaigns":false,"_jetpack_memberships_contains_paid_content":false,"footnotes":""},"categories":[101,2],"tags":[],"class_list":["post-6705","post","type-post","status-publish","format-standard","has-post-thumbnail","hentry","category-interes-general-locales","category-locales"],"aioseo_notices":[],"gutentor_comment":0,"jetpack_featured_media_url":"https:\/\/eldiariodesanpedro.com.ar\/sitio\/wp-content\/uploads\/2016\/08\/Plan-Progresar-Estudiantes-950x675.jpg","jetpack_shortlink":"https:\/\/wp.me\/p6RhLt-1K9","jetpack_sharing_enabled":true,"_links":{"self":[{"href":"https:\/\/eldiariodesanpedro.com.ar\/sitio\/wp-json\/wp\/v2\/posts\/6705","targetHints":{"allow":["GET"]}}],"collection":[{"href":"https:\/\/eldiariodesanpedro.com.ar\/sitio\/wp-json\/wp\/v2\/posts"}],"about":[{"href":"https:\/\/eldiariodesanpedro.com.ar\/sitio\/wp-json\/wp\/v2\/types\/post"}],"author":[{"embeddable":true,"href":"https:\/\/eldiariodesanpedro.com.ar\/sitio\/wp-json\/wp\/v2\/users\/4"}],"replies":[{"embeddable":true,"href":"https:\/\/eldiariodesanpedro.com.ar\/sitio\/wp-json\/wp\/v2\/comments?post=6705"}],"version-history":[{"count":1,"href":"https:\/\/eldiariodesanpedro.com.ar\/sitio\/wp-json\/wp\/v2\/posts\/6705\/revisions"}],"predecessor-version":[{"id":6706,"href":"https:\/\/eldiariodesanpedro.com.ar\/sitio\/wp-json\/wp\/v2\/posts\/6705\/revisions\/6706"}],"wp:featuredmedia":[{"embeddable":true,"href":"https:\/\/eldiariodesanpedro.com.ar\/sitio\/wp-json\/wp\/v2\/media\/6707"}],"wp:attachment":[{"href":"https:\/\/eldiariodesanpedro.com.ar\/sitio\/wp-json\/wp\/v2\/media?parent=6705"}],"wp:term":[{"taxonomy":"category","embeddable":true,"href":"https:\/\/eldiariodesanpedro.com.ar\/sitio\/wp-json\/wp\/v2\/categories?post=6705"},{"taxonomy":"post_tag","embeddable":true,"href":"https:\/\/eldiariodesanpedro.com.ar\/sitio\/wp-json\/wp\/v2\/tags?post=6705"}],"curies":[{"name":"wp","href":"https:\/\/api.w.org\/{rel}","templated":true}]}}