{"id":6702,"date":"2016-08-02T20:10:50","date_gmt":"2016-08-02T23:10:50","guid":{"rendered":"https:\/\/eldiariodesanpedro.com.ar\/sitio\/?p=6702"},"modified":"2016-08-02T20:10:50","modified_gmt":"2016-08-02T23:10:50","slug":"gestiones-para-que-se-concrete-el-proyecto-de-las-88-viviendas","status":"publish","type":"post","link":"https:\/\/eldiariodesanpedro.com.ar\/sitio\/gestiones-para-que-se-concrete-el-proyecto-de-las-88-viviendas\/","title":{"rendered":"Gestiones para que se concrete el proyecto de las 88 viviendas"},"content":{"rendered":"<p><!-- VideographyWP Plugin Message: Automatic video embedding prevented by plugin options. --><br \/>\nEl intendente municipal particip\u00f3 hoy de una reuni\u00f3n en la Secretar\u00eda de Vivienda y H\u00e1bitat, perteneciente al Ministerio del Interior, Obras P\u00fablicas y Viviendas. La tem\u00e1tica estuvo relacionada con la posibilidad de que sea reactivado el plan de viviendas para el barrio Villa Depietri, que se hab\u00eda anunciado el a\u00f1o pasado, en la anterior gesti\u00f3n y que nunca se concret\u00f3.<br \/>\nEl mandatario comunal manifest\u00f3 que el proyecto fue \u201csolamente una promesa\u201d durante la anterior gesti\u00f3n y agreg\u00f3: \u201cLo que hice yo fue reactivar esos tr\u00e1mites\u201d.<br \/>\nAl tiempo que se\u00f1al\u00f3: \u201cFuimos ya dos veces por ese tema, estaba todo parado, nunca tuvo un presupuesto, fue todo armado para las elecciones pasadas y que nunca se concret\u00f3. Yo, tom\u00e1ndome de eso, lo seguimos gestionando e impulsando fuertemente y se recompuso el tr\u00e1mite y el expediente, se actualizaron los valores\u201d.<br \/>\nEl barrio se emplazar\u00e1 entre las calles San Mart\u00edn, 58, Obligado y 62. En tanto, el proyecto original comprend\u00eda que cada casa tuviera 55 m2 y otras 6 preparadas para discapacitados, de 58 m2, distribuidas en tres manzanas longitudinales. Habr\u00e1 que ver si esto se mantiene.<\/p>\n","protected":false},"excerpt":{"rendered":"<p>El intendente municipal particip\u00f3 hoy de una reuni\u00f3n en la Secretar\u00eda de Vivienda y H\u00e1bitat, perteneciente al Ministerio del Interior, Obras P\u00fablicas y Viviendas. La tem\u00e1tica estuvo relacionada con la posibilidad de que sea reactivado el plan de viviendas para el barrio Villa Depietri, que se hab\u00eda anunciado el a\u00f1o pasado, en la anterior gesti\u00f3n [&hellip;]<\/p>\n","protected":false},"author":4,"featured_media":6357,"comment_status":"open","ping_status":"closed","sticky":false,"template":"","format":"standard","meta":{"om_disable_all_campaigns":false,"_jetpack_memberships_contains_paid_content":false,"footnotes":""},"categories":[50,2,102],"tags":[],"class_list":["post-6702","post","type-post","status-publish","format-standard","has-post-thumbnail","hentry","category-destacadas","category-locales","category-politica-locales"],"aioseo_notices":[],"gutentor_comment":0,"jetpack_featured_media_url":"https:\/\/eldiariodesanpedro.com.ar\/sitio\/wp-content\/uploads\/2016\/07\/salazar.jpg","jetpack_shortlink":"https:\/\/wp.me\/p6RhLt-1K6","jetpack_sharing_enabled":true,"_links":{"self":[{"href":"https:\/\/eldiariodesanpedro.com.ar\/sitio\/wp-json\/wp\/v2\/posts\/6702","targetHints":{"allow":["GET"]}}],"collection":[{"href":"https:\/\/eldiariodesanpedro.com.ar\/sitio\/wp-json\/wp\/v2\/posts"}],"about":[{"href":"https:\/\/eldiariodesanpedro.com.ar\/sitio\/wp-json\/wp\/v2\/types\/post"}],"author":[{"embeddable":true,"href":"https:\/\/eldiariodesanpedro.com.ar\/sitio\/wp-json\/wp\/v2\/users\/4"}],"replies":[{"embeddable":true,"href":"https:\/\/eldiariodesanpedro.com.ar\/sitio\/wp-json\/wp\/v2\/comments?post=6702"}],"version-history":[{"count":1,"href":"https:\/\/eldiariodesanpedro.com.ar\/sitio\/wp-json\/wp\/v2\/posts\/6702\/revisions"}],"predecessor-version":[{"id":6703,"href":"https:\/\/eldiariodesanpedro.com.ar\/sitio\/wp-json\/wp\/v2\/posts\/6702\/revisions\/6703"}],"wp:featuredmedia":[{"embeddable":true,"href":"https:\/\/eldiariodesanpedro.com.ar\/sitio\/wp-json\/wp\/v2\/media\/6357"}],"wp:attachment":[{"href":"https:\/\/eldiariodesanpedro.com.ar\/sitio\/wp-json\/wp\/v2\/media?parent=6702"}],"wp:term":[{"taxonomy":"category","embeddable":true,"href":"https:\/\/eldiariodesanpedro.com.ar\/sitio\/wp-json\/wp\/v2\/categories?post=6702"},{"taxonomy":"post_tag","embeddable":true,"href":"https:\/\/eldiariodesanpedro.com.ar\/sitio\/wp-json\/wp\/v2\/tags?post=6702"}],"curies":[{"name":"wp","href":"https:\/\/api.w.org\/{rel}","templated":true}]}}