{"id":6699,"date":"2016-08-02T20:07:57","date_gmt":"2016-08-02T23:07:57","guid":{"rendered":"https:\/\/eldiariodesanpedro.com.ar\/sitio\/?p=6699"},"modified":"2016-08-02T20:12:49","modified_gmt":"2016-08-02T23:12:49","slug":"efecto-blanqueo-boom-de-consultas-en-inmobiliarias","status":"publish","type":"post","link":"https:\/\/eldiariodesanpedro.com.ar\/sitio\/efecto-blanqueo-boom-de-consultas-en-inmobiliarias\/","title":{"rendered":"Efecto blanqueo: boom de consultas en inmobiliarias"},"content":{"rendered":"<p><!-- VideographyWP Plugin Message: Automatic video embedding prevented by plugin options. --><br \/>\nLa puesta en funcionamiento del blanqueo de activos cambi\u00f3 el \u00e1nimo del sector inmobiliario. Agosto empez\u00f3 para el mercado con el pie derecho con tel\u00e9fonos que no pararon de sonar con consultas respecto al nuevo r\u00e9gimen fiscal que debut\u00f3 ayer. El blanqueo y las diferentes l\u00edneas de cr\u00e9ditos hipotecarios generan un clima positivo y anticipan un futuro alentador.<br \/>\n\u00abLa c\u00e1mara recibi\u00f3 much\u00edsimas consultas desde las inmobiliarias\u00bb, explic\u00f3 el sampedrino Alejandro Bennazar, presidente de la C\u00e1mara Inmobiliaria Argentina (CIA), quien describi\u00f3 la jornada como muy \u00abdin\u00e1mica\u00bb. El especialista sostuvo a \u00c1mbito Financiero que \u00abel campo es uno de los jugadores m\u00e1s favorecidos \u2013ya por la quita de las retenciones \u2013 y ahora estaba expectante de la implementaci\u00f3n del blanqueo\u00bb, concluy\u00f3.<br \/>\n\u00abHay mucho movimiento desde que se anunci\u00f3 el sinceramiento de capital. Pero hoy las consultas se duplicaron\u00bb, agreg\u00f3 Gabriela Goldszer, presidente de Ocampo Propiedades. \u00abSe trata de una medida importante para la din\u00e1mica del sector. Hab\u00eda una demanda latente que no pod\u00eda exteriorizarlo hasta ahora\u00bb, agreg\u00f3 Goldszer. Seg\u00fan estiman desde el sector, se prev\u00e9 captar entre un 10% y un 20% del total de dinero que se declare a trav\u00e9s del r\u00e9gimen.<br \/>\nDesde el Ministerio de Hacienda planean capturar u$s40.000 millones en capitales de argentinos y residentes que se declarar\u00e1n hasta fin de a\u00f1o y de un total de u$s60 mil millones hasta marzo de 2017, es decir que esperan que al menos u$s4.000 millones se destinen a la compra de ladrillos.<br \/>\nSi bien, a diferencia del CEDIN, no se trata de una herramienta pensada especialmente para el sector inmobiliario, desde el mercado reciben su reglamentaci\u00f3n con entusiasmo. \u00abSi bien estamos analizando la normativa y a\u00fan hay muchos interrogantes, nuestros clientes se han acercado con sus contadores para conocer la operatoria\u00bb, agreg\u00f3 Goldszer, quien estim\u00f3 que \u00aben breve esas consultas se van a canalizar en operaciones concretas\u00bb. Para el sector, el segundo semestre empezar\u00e1 reci\u00e9n a partir de agosto. <\/p>\n<p>Tasas<\/p>\n<p>Desde el Colegio \u00danico de Corredores Inmobiliarios de la Ciudad de Buenos Aires (CUCICBA) anticipan que a\u00fan es prematuro avecinar el futuro sobre el desarrollo del blanqueo de capitales, pero sostuvieron que generar\u00e1 mayor dinamismo al sector. \u00abLa tasa del 0% en inmuebles de hasta $300 mil nos es muy favorable, pero nos hubiese gustado que ese valor sea a\u00fan mayor\u00bb, agreg\u00f3 Hector D\u2019Odorico, presidente de CUCICBA. Los inmuebles de hasta $800 mil tienen una tasa del 5% y aquellos que superen ese valor, del 10%. \u00abEl blanqueo es para un p\u00fablico muy espec\u00edfico. Nos gustar\u00eda poder modificar ciertos puntos en un futuro\u00bb, concluy\u00f3 D\u2019Odorico.<\/p>\n","protected":false},"excerpt":{"rendered":"<p>La puesta en funcionamiento del blanqueo de activos cambi\u00f3 el \u00e1nimo del sector inmobiliario. Agosto empez\u00f3 para el mercado con el pie derecho con tel\u00e9fonos que no pararon de sonar con consultas respecto al nuevo r\u00e9gimen fiscal que debut\u00f3 ayer. El blanqueo y las diferentes l\u00edneas de cr\u00e9ditos hipotecarios generan un clima positivo y anticipan [&hellip;]<\/p>\n","protected":false},"author":4,"featured_media":6704,"comment_status":"open","ping_status":"closed","sticky":false,"template":"","format":"standard","meta":{"om_disable_all_campaigns":false,"_jetpack_memberships_contains_paid_content":false,"footnotes":""},"categories":[101,2],"tags":[],"class_list":["post-6699","post","type-post","status-publish","format-standard","has-post-thumbnail","hentry","category-interes-general-locales","category-locales"],"aioseo_notices":[],"gutentor_comment":0,"jetpack_featured_media_url":"https:\/\/eldiariodesanpedro.com.ar\/sitio\/wp-content\/uploads\/2016\/08\/PAGINA-3-2.jpg","jetpack_shortlink":"https:\/\/wp.me\/p6RhLt-1K3","jetpack_sharing_enabled":true,"_links":{"self":[{"href":"https:\/\/eldiariodesanpedro.com.ar\/sitio\/wp-json\/wp\/v2\/posts\/6699","targetHints":{"allow":["GET"]}}],"collection":[{"href":"https:\/\/eldiariodesanpedro.com.ar\/sitio\/wp-json\/wp\/v2\/posts"}],"about":[{"href":"https:\/\/eldiariodesanpedro.com.ar\/sitio\/wp-json\/wp\/v2\/types\/post"}],"author":[{"embeddable":true,"href":"https:\/\/eldiariodesanpedro.com.ar\/sitio\/wp-json\/wp\/v2\/users\/4"}],"replies":[{"embeddable":true,"href":"https:\/\/eldiariodesanpedro.com.ar\/sitio\/wp-json\/wp\/v2\/comments?post=6699"}],"version-history":[{"count":1,"href":"https:\/\/eldiariodesanpedro.com.ar\/sitio\/wp-json\/wp\/v2\/posts\/6699\/revisions"}],"predecessor-version":[{"id":6701,"href":"https:\/\/eldiariodesanpedro.com.ar\/sitio\/wp-json\/wp\/v2\/posts\/6699\/revisions\/6701"}],"wp:featuredmedia":[{"embeddable":true,"href":"https:\/\/eldiariodesanpedro.com.ar\/sitio\/wp-json\/wp\/v2\/media\/6704"}],"wp:attachment":[{"href":"https:\/\/eldiariodesanpedro.com.ar\/sitio\/wp-json\/wp\/v2\/media?parent=6699"}],"wp:term":[{"taxonomy":"category","embeddable":true,"href":"https:\/\/eldiariodesanpedro.com.ar\/sitio\/wp-json\/wp\/v2\/categories?post=6699"},{"taxonomy":"post_tag","embeddable":true,"href":"https:\/\/eldiariodesanpedro.com.ar\/sitio\/wp-json\/wp\/v2\/tags?post=6699"}],"curies":[{"name":"wp","href":"https:\/\/api.w.org\/{rel}","templated":true}]}}