{"id":66981,"date":"2020-01-14T12:05:06","date_gmt":"2020-01-14T15:05:06","guid":{"rendered":"https:\/\/eldiariodesanpedro.com.ar\/sitio\/?p=66981"},"modified":"2020-01-14T12:10:33","modified_gmt":"2020-01-14T15:10:33","slug":"zarate-delincuentes-intentaron-robar-una-casa-a-metros-donde-habia-sido-asaltada-otra","status":"publish","type":"post","link":"https:\/\/eldiariodesanpedro.com.ar\/sitio\/zarate-delincuentes-intentaron-robar-una-casa-a-metros-donde-habia-sido-asaltada-otra\/","title":{"rendered":"Z\u00c1RATE | Delincuentes intentaron robar una casa a metros donde hab\u00eda sido asaltada otra"},"content":{"rendered":"<!-- VideographyWP Plugin Message: Automatic video embedding prevented by plugin options. -->\n\n<p>La calle Pueyrred\u00f3n al 200, en Z\u00e1rate, no tiene descanso y es que esta madrugada delincuentes intentaron robar una nueva casa.<\/p>\n\n\n\n<p>Recordemos que semanas atr\u00e1s una vivienda de la cuadra termin\u00f3 con da\u00f1os materiales luego de que fuera revuelta por delincuentes en la b\u00fasqueda de objetos de valor.<\/p>\n\n\n\n<p>Esta madrugada trataron de concretar un nuevo hecho a pocos metros de distancia. El propietario oy\u00f3 ruidos y de inmediato llam\u00f3 a la polic\u00eda. En un r\u00e1pido accionar varios m\u00f3viles del Comando Patrulla se acercaron hasta el lugar y revisaron la zona, y a pesar de que no encontraron a los implicados se pudo desactivar el il\u00edcito.<\/p>\n\n\n\n<p>Este mismo lunes el Secretario de Seguridad Municipal Gast\u00f3n Otero hab\u00eda expresado que buscaban nuevas medidas de seguridad para combatir esta modalidad y que intensificar\u00e1n los patrullajes nocturnos. Por otro lado, expres\u00f3 que al entrar por la parte trasera es muy dif\u00edcil detectarlos desde la v\u00eda p\u00fablica: recomend\u00f3 a los vecinos comprometerse m\u00e1s y llamar a la polic\u00eda cuando se observe presencia extra\u00f1a en el barrio.<\/p>\n\n\n\n<p>Fuente: Enlace Critico<\/p>\n","protected":false},"excerpt":{"rendered":"<p>La calle Pueyrred\u00f3n al 200, en Z\u00e1rate, no tiene descanso y es que esta madrugada delincuentes intentaron robar una nueva casa. Recordemos que semanas atr\u00e1s una vivienda de la cuadra termin\u00f3 con da\u00f1os materiales luego de que fuera revuelta por delincuentes en la b\u00fasqueda de objetos de valor. Esta madrugada trataron de concretar un nuevo [&hellip;]<\/p>\n","protected":false},"author":4,"featured_media":66984,"comment_status":"open","ping_status":"closed","sticky":false,"template":"","format":"standard","meta":{"om_disable_all_campaigns":false,"_jetpack_memberships_contains_paid_content":false,"footnotes":""},"categories":[621],"tags":[],"class_list":["post-66981","post","type-post","status-publish","format-standard","has-post-thumbnail","hentry","category-regionales"],"aioseo_notices":[],"gutentor_comment":0,"jetpack_featured_media_url":"https:\/\/eldiariodesanpedro.com.ar\/sitio\/wp-content\/uploads\/2020\/01\/Robo.jpg","jetpack_shortlink":"https:\/\/wp.me\/p6RhLt-hql","jetpack_sharing_enabled":true,"_links":{"self":[{"href":"https:\/\/eldiariodesanpedro.com.ar\/sitio\/wp-json\/wp\/v2\/posts\/66981","targetHints":{"allow":["GET"]}}],"collection":[{"href":"https:\/\/eldiariodesanpedro.com.ar\/sitio\/wp-json\/wp\/v2\/posts"}],"about":[{"href":"https:\/\/eldiariodesanpedro.com.ar\/sitio\/wp-json\/wp\/v2\/types\/post"}],"author":[{"embeddable":true,"href":"https:\/\/eldiariodesanpedro.com.ar\/sitio\/wp-json\/wp\/v2\/users\/4"}],"replies":[{"embeddable":true,"href":"https:\/\/eldiariodesanpedro.com.ar\/sitio\/wp-json\/wp\/v2\/comments?post=66981"}],"version-history":[{"count":1,"href":"https:\/\/eldiariodesanpedro.com.ar\/sitio\/wp-json\/wp\/v2\/posts\/66981\/revisions"}],"predecessor-version":[{"id":66982,"href":"https:\/\/eldiariodesanpedro.com.ar\/sitio\/wp-json\/wp\/v2\/posts\/66981\/revisions\/66982"}],"wp:featuredmedia":[{"embeddable":true,"href":"https:\/\/eldiariodesanpedro.com.ar\/sitio\/wp-json\/wp\/v2\/media\/66984"}],"wp:attachment":[{"href":"https:\/\/eldiariodesanpedro.com.ar\/sitio\/wp-json\/wp\/v2\/media?parent=66981"}],"wp:term":[{"taxonomy":"category","embeddable":true,"href":"https:\/\/eldiariodesanpedro.com.ar\/sitio\/wp-json\/wp\/v2\/categories?post=66981"},{"taxonomy":"post_tag","embeddable":true,"href":"https:\/\/eldiariodesanpedro.com.ar\/sitio\/wp-json\/wp\/v2\/tags?post=66981"}],"curies":[{"name":"wp","href":"https:\/\/api.w.org\/{rel}","templated":true}]}}