{"id":66978,"date":"2020-01-14T12:03:25","date_gmt":"2020-01-14T15:03:25","guid":{"rendered":"https:\/\/eldiariodesanpedro.com.ar\/sitio\/?p=66978"},"modified":"2020-01-14T12:03:30","modified_gmt":"2020-01-14T15:03:30","slug":"san-nicolas-denuncio-que-fue-manoseada-por-un-hombre","status":"publish","type":"post","link":"https:\/\/eldiariodesanpedro.com.ar\/sitio\/san-nicolas-denuncio-que-fue-manoseada-por-un-hombre\/","title":{"rendered":"SAN NICOL\u00c1S | Denunci\u00f3 que fue manoseada por un hombre"},"content":{"rendered":"<!-- VideographyWP Plugin Message: Automatic video embedding prevented by plugin options. -->\n\n<p>\n\nUna mujer de 29 a\u00f1os denunci\u00f3 en sede de la Comisar\u00eda de la Mujer y la Familia, que un hombre la manose\u00f3 en la v\u00eda p\u00fablica. La v\u00edctima se\u00f1al\u00f3 que iba caminando por barrio Cooperaci\u00f3n junto a su hijo menor de edad, cuando un hombre apareci\u00f3 y empez\u00f3 a seguirla y a tocarla.<\/p>\n\n\n\n<p>No obstante, el sujeto de 45 a\u00f1os declar\u00f3 que ambos mantienen una relaci\u00f3n y que es el padre del menor.<\/p>\n\n\n\n<p>El hecho es investigado a los fines de esclarecer lo sucedido. Se labraron actuaciones por Abuso Sexual Simpe y Violaci\u00f3n de Domicilio. <\/p>\n\n\n\n<p>Fuente: Diario El Informante<\/p>\n","protected":false},"excerpt":{"rendered":"<p>Una mujer de 29 a\u00f1os denunci\u00f3 en sede de la Comisar\u00eda de la Mujer y la Familia, que un hombre la manose\u00f3 en la v\u00eda p\u00fablica. La v\u00edctima se\u00f1al\u00f3 que iba caminando por barrio Cooperaci\u00f3n junto a su hijo menor de edad, cuando un hombre apareci\u00f3 y empez\u00f3 a seguirla y a tocarla. No obstante, [&hellip;]<\/p>\n","protected":false},"author":4,"featured_media":66979,"comment_status":"open","ping_status":"closed","sticky":false,"template":"","format":"standard","meta":{"om_disable_all_campaigns":false,"_jetpack_memberships_contains_paid_content":false,"footnotes":""},"categories":[621],"tags":[],"class_list":["post-66978","post","type-post","status-publish","format-standard","has-post-thumbnail","hentry","category-regionales"],"aioseo_notices":[],"gutentor_comment":0,"jetpack_featured_media_url":"https:\/\/eldiariodesanpedro.com.ar\/sitio\/wp-content\/uploads\/2020\/01\/no_r6svplv98aahu9cno_jkv4vcytez642glcp.jpg","jetpack_shortlink":"https:\/\/wp.me\/p6RhLt-hqi","jetpack_sharing_enabled":true,"_links":{"self":[{"href":"https:\/\/eldiariodesanpedro.com.ar\/sitio\/wp-json\/wp\/v2\/posts\/66978","targetHints":{"allow":["GET"]}}],"collection":[{"href":"https:\/\/eldiariodesanpedro.com.ar\/sitio\/wp-json\/wp\/v2\/posts"}],"about":[{"href":"https:\/\/eldiariodesanpedro.com.ar\/sitio\/wp-json\/wp\/v2\/types\/post"}],"author":[{"embeddable":true,"href":"https:\/\/eldiariodesanpedro.com.ar\/sitio\/wp-json\/wp\/v2\/users\/4"}],"replies":[{"embeddable":true,"href":"https:\/\/eldiariodesanpedro.com.ar\/sitio\/wp-json\/wp\/v2\/comments?post=66978"}],"version-history":[{"count":1,"href":"https:\/\/eldiariodesanpedro.com.ar\/sitio\/wp-json\/wp\/v2\/posts\/66978\/revisions"}],"predecessor-version":[{"id":66980,"href":"https:\/\/eldiariodesanpedro.com.ar\/sitio\/wp-json\/wp\/v2\/posts\/66978\/revisions\/66980"}],"wp:featuredmedia":[{"embeddable":true,"href":"https:\/\/eldiariodesanpedro.com.ar\/sitio\/wp-json\/wp\/v2\/media\/66979"}],"wp:attachment":[{"href":"https:\/\/eldiariodesanpedro.com.ar\/sitio\/wp-json\/wp\/v2\/media?parent=66978"}],"wp:term":[{"taxonomy":"category","embeddable":true,"href":"https:\/\/eldiariodesanpedro.com.ar\/sitio\/wp-json\/wp\/v2\/categories?post=66978"},{"taxonomy":"post_tag","embeddable":true,"href":"https:\/\/eldiariodesanpedro.com.ar\/sitio\/wp-json\/wp\/v2\/tags?post=66978"}],"curies":[{"name":"wp","href":"https:\/\/api.w.org\/{rel}","templated":true}]}}