{"id":6697,"date":"2016-08-02T20:06:38","date_gmt":"2016-08-02T23:06:38","guid":{"rendered":"https:\/\/eldiariodesanpedro.com.ar\/sitio\/?p=6697"},"modified":"2016-08-02T20:06:38","modified_gmt":"2016-08-02T23:06:38","slug":"una-camioneta-colisiono-una-moto-en-la-ruta-1001","status":"publish","type":"post","link":"https:\/\/eldiariodesanpedro.com.ar\/sitio\/una-camioneta-colisiono-una-moto-en-la-ruta-1001\/","title":{"rendered":"Una camioneta colision\u00f3 una moto en la ruta 1001"},"content":{"rendered":"<p><!-- VideographyWP Plugin Message: Automatic video embedding prevented by plugin options. --><br \/>\nEl siniestro ocurri\u00f3 cerca de las 22.40 del lunes, en el km 8 de la ruta 1001. All\u00ed, por causas que se tratan de establecer, un veh\u00edculo marca Fiat (utilitario), que era guiado por un hombre, colision\u00f3 por detr\u00e1s a un ciclomotor marca Mondial 110 C. C., que era manejado por un motociclista mayor de edad, oriundo R\u00edo Tala.<br \/>\nComo consecuencia de ello, la v\u00edctima fue trasladada al Hospital de San Pedro por la ambulancia de R\u00edo Tala.<\/p>\n","protected":false},"excerpt":{"rendered":"<p>El siniestro ocurri\u00f3 cerca de las 22.40 del lunes, en el km 8 de la ruta 1001. All\u00ed, por causas que se tratan de establecer, un veh\u00edculo marca Fiat (utilitario), que era guiado por un hombre, colision\u00f3 por detr\u00e1s a un ciclomotor marca Mondial 110 C. C., que era manejado por un motociclista mayor de [&hellip;]<\/p>\n","protected":false},"author":4,"featured_media":2624,"comment_status":"open","ping_status":"closed","sticky":false,"template":"","format":"standard","meta":{"om_disable_all_campaigns":false,"_jetpack_memberships_contains_paid_content":false,"footnotes":""},"categories":[2,103],"tags":[],"class_list":["post-6697","post","type-post","status-publish","format-standard","has-post-thumbnail","hentry","category-locales","category-policiales-locales"],"aioseo_notices":[],"gutentor_comment":0,"jetpack_featured_media_url":"https:\/\/eldiariodesanpedro.com.ar\/sitio\/wp-content\/uploads\/2016\/04\/guardia.jpg","jetpack_shortlink":"https:\/\/wp.me\/p6RhLt-1K1","jetpack_sharing_enabled":true,"_links":{"self":[{"href":"https:\/\/eldiariodesanpedro.com.ar\/sitio\/wp-json\/wp\/v2\/posts\/6697","targetHints":{"allow":["GET"]}}],"collection":[{"href":"https:\/\/eldiariodesanpedro.com.ar\/sitio\/wp-json\/wp\/v2\/posts"}],"about":[{"href":"https:\/\/eldiariodesanpedro.com.ar\/sitio\/wp-json\/wp\/v2\/types\/post"}],"author":[{"embeddable":true,"href":"https:\/\/eldiariodesanpedro.com.ar\/sitio\/wp-json\/wp\/v2\/users\/4"}],"replies":[{"embeddable":true,"href":"https:\/\/eldiariodesanpedro.com.ar\/sitio\/wp-json\/wp\/v2\/comments?post=6697"}],"version-history":[{"count":1,"href":"https:\/\/eldiariodesanpedro.com.ar\/sitio\/wp-json\/wp\/v2\/posts\/6697\/revisions"}],"predecessor-version":[{"id":6698,"href":"https:\/\/eldiariodesanpedro.com.ar\/sitio\/wp-json\/wp\/v2\/posts\/6697\/revisions\/6698"}],"wp:featuredmedia":[{"embeddable":true,"href":"https:\/\/eldiariodesanpedro.com.ar\/sitio\/wp-json\/wp\/v2\/media\/2624"}],"wp:attachment":[{"href":"https:\/\/eldiariodesanpedro.com.ar\/sitio\/wp-json\/wp\/v2\/media?parent=6697"}],"wp:term":[{"taxonomy":"category","embeddable":true,"href":"https:\/\/eldiariodesanpedro.com.ar\/sitio\/wp-json\/wp\/v2\/categories?post=6697"},{"taxonomy":"post_tag","embeddable":true,"href":"https:\/\/eldiariodesanpedro.com.ar\/sitio\/wp-json\/wp\/v2\/tags?post=6697"}],"curies":[{"name":"wp","href":"https:\/\/api.w.org\/{rel}","templated":true}]}}